{"id":1794,"date":"2017-04-06T19:27:09","date_gmt":"2017-04-06T19:27:09","guid":{"rendered":"https:\/\/www.frelimo.org.mz\/?p=1794"},"modified":"2017-04-06T19:27:09","modified_gmt":"2017-04-06T19:27:09","slug":"mensagem-de-condolencias","status":"publish","type":"post","link":"https:\/\/www.frelimo.org.mz\/?p=1794","title":{"rendered":"MENSAGEM DE CONDOL\u00caNCIAS"},"content":{"rendered":"<p>A Comiss\u00e3o Pol\u00edtica, o Secretariado do Comit\u00e9 Central, os Quadros e Militantes, receberam com consterna\u00e7\u00e3o a triste not\u00edcia do desaparecimento f\u00edsico do camarada AUGUSTO MACAMO, Quadro do Partido e Presidente Honor\u00e1rio da OTM-Central Sindical, ocorrido no dia 04 de Abril de 2017<\/p>\n<p><!--more--><\/p>\n<p>, em Manjacaze, Prov\u00edncia de Gaza.<\/p>\n<p>A FRELIMO, o Sindicato Nacional dos Trabalhadores Mo\u00e7ambicanos, a Sociedade Mo\u00e7ambicana perdeu o timoneiro do Movimento Sindical no Pa\u00eds. Perdemos um dos principais defensores da justi\u00e7a laboral e dos direitos dos Trabalhadores Mo\u00e7ambicanos.<br \/>Perdemos um grande Quadro nas fileiras do nosso Partido que sempre representou a classe trabalhadora, oferecendo o melhor de si na incessante promo\u00e7\u00e3o dos direitos e deveres dos trabalhadores mo\u00e7ambicanos, uma das conquistas da Independ\u00eancia Nacional.<br \/>O camarada MACAMO ingressou na Frente de Liberta\u00e7\u00e3o de Mo\u00e7ambique em 1963. Durante o seu percurso pol\u00edtico e profissional destacou-se em v\u00e1rias miss\u00f5es e fun\u00e7\u00f5es tais como, Membro do Comit\u00e9 Central, Deputado da Assembleia Popular, Membro do Comit\u00e9 Central da OTM e Secret\u00e1rio Geral da OTM.<\/p>\n<p>O camarada MACAMO foi um grande mobilizador na clandestinidade, contribuindo para o sucesso da Luta Armada e da Independ\u00eancia Nacional.<\/p>\n<p>Em todas essas miss\u00f5es, o camarada MACAMO foi exemplo de zelo, dedica\u00e7\u00e3o e sacrif\u00edcio.<br \/>Soube cultivar no seio dos trabalhadores o esp\u00edrito de entrega ao trabalho, harmonia entre o trabalhador e o empregador.<br \/>Defendeu que, a melhor solu\u00e7\u00e3o para os conflitos laborais era o di\u00e1logo e como sindicalista, sempre sensibilizou os trabalhadores para o aumento da produ\u00e7\u00e3o e produtividade.<br \/>Na qualidade de militante incentivou a classe oper\u00e1rio-camponesa a valorizar a produ\u00e7\u00e3o agr\u00edcola e industrial como factor dinamizador para o desenvolvimento do Pa\u00eds.<\/p>\n<p>Foi com muito empenho e dedica\u00e7\u00e3o que o camarada MACAMO participou nas v\u00e1rias frentes de luta contra a fome e contra todos os factores tendentes ao divisionismo para a consolida\u00e7\u00e3o da Unidade Nacional e do bem-estar do Povo Mo\u00e7ambicano.<br \/>Pelas suas qualidades, o camarada MACAMO soube cultivar o esp\u00edrito de conviv\u00eancia m\u00fatua e de solidariedade.<br \/>O desaparecimento f\u00edsico do camarada AUGUSTO MACAMO, abre em todos nos, a Direc\u00e7\u00e3o do Partido, o Sindicato dos Trabalhadores, membros e simpatizantes da grande fam\u00edlia FRELIMO, um vazio dif\u00edcil de preencher.<\/p>\n<p>Neste momento de luto, o camarada Presidente do Partido, a Comiss\u00e3o Pol\u00edtica, o Secretariado do Comit\u00e9 Central da FRELIMO, endere\u00e7am em nome de todos os militantes, simpatizantes e a popula\u00e7\u00e3o em geral, os sentimentos de pesar \u00e0 fam\u00edlia enlutada.<br \/>Paz \u00e0 sua alma<br \/>Maputo, Abril de 2017<\/p>\n","protected":false},"excerpt":{"rendered":"<p>A Comiss\u00e3o Pol\u00edtica, o Secretariado do Comit\u00e9 Central, os Quadros e Militantes, receberam com consterna\u00e7\u00e3o a triste not\u00edcia do desaparecimento f\u00edsico do camarada AUGUSTO MACAMO, Quadro do Partido e Presidente Honor\u00e1rio da OTM-Central Sindical, ocorrido no dia 04 de Abril de 2017 , em Manjacaze, Prov\u00edncia de Gaza. A FRELIMO, o Sindicato Nacional dos Trabalhadores &hellip;<\/p>\n","protected":false},"author":1,"featured_media":0,"comment_status":"open","ping_status":"open","sticky":false,"template":"","format":"standard","meta":{"_jetpack_memberships_contains_paid_content":false,"footnotes":""},"categories":[4],"tags":[],"class_list":["post-1794","post","type-post","status-publish","format-standard","hentry","category-outras"],"jetpack_featured_media_url":"","jetpack_sharing_enabled":true,"_links":{"self":[{"href":"https:\/\/www.frelimo.org.mz\/index.php?rest_route=\/wp\/v2\/posts\/1794","targetHints":{"allow":["GET"]}}],"collection":[{"href":"https:\/\/www.frelimo.org.mz\/index.php?rest_route=\/wp\/v2\/posts"}],"about":[{"href":"https:\/\/www.frelimo.org.mz\/index.php?rest_route=\/wp\/v2\/types\/post"}],"author":[{"embeddable":true,"href":"https:\/\/www.frelimo.org.mz\/index.php?rest_route=\/wp\/v2\/users\/1"}],"replies":[{"embeddable":true,"href":"https:\/\/www.frelimo.org.mz\/index.php?rest_route=%2Fwp%2Fv2%2Fcomments&post=1794"}],"version-history":[{"count":0,"href":"https:\/\/www.frelimo.org.mz\/index.php?rest_route=\/wp\/v2\/posts\/1794\/revisions"}],"wp:attachment":[{"href":"https:\/\/www.frelimo.org.mz\/index.php?rest_route=%2Fwp%2Fv2%2Fmedia&parent=1794"}],"wp:term":[{"taxonomy":"category","embeddable":true,"href":"https:\/\/www.frelimo.org.mz\/index.php?rest_route=%2Fwp%2Fv2%2Fcategories&post=1794"},{"taxonomy":"post_tag","embeddable":true,"href":"https:\/\/www.frelimo.org.mz\/index.php?rest_route=%2Fwp%2Fv2%2Ftags&post=1794"}],"curies":[{"name":"wp","href":"https:\/\/api.w.org\/{rel}","templated":true}]}}