{"id":1789,"date":"2017-04-05T18:37:08","date_gmt":"2017-04-05T18:37:08","guid":{"rendered":"https:\/\/www.frelimo.org.mz\/?p=1789"},"modified":"2017-04-05T18:37:08","modified_gmt":"2017-04-05T18:37:08","slug":"nyusi-apela-aos-camaradas-a-saberem-ouvir-ideias-contrarias","status":"publish","type":"post","link":"https:\/\/www.frelimo.org.mz\/?p=1789","title":{"rendered":"Nyusi apela aos \u201ccamaradas\u201d a saberem ouvir ideias contr\u00e1rias"},"content":{"rendered":"<p style=\"color: #222222; font-family: arial, sans-serif; font-size: 12.8px;\" dir=\"ltr\">A prepara\u00e7\u00e3o do d\u00e9cimo primeiro congresso da Frelimo \u00e9 o motivo que levou Filipe Nyusi, na qualidade de presidente dos \u201ccamaradas\u201d, a visitar, ontem, a sede provincial do seu partido, na Matola.<\/p>\n<p><!--more--><\/p>\n<p style=\"color: #222222; font-family: arial, sans-serif; font-size: 12.8px;\" dir=\"ltr\">&nbsp;<\/p>\n<p style=\"color: #222222; font-family: arial, sans-serif; font-size: 12.8px;\" dir=\"ltr\">\u00c0 sua chegada, Nyusi foi recebido com c\u00e2nticos e dan\u00e7as por membros e militantes do partido.<\/p>\n<p style=\"color: #222222; font-family: arial, sans-serif; font-size: 12.8px;\" dir=\"ltr\">No seu discurso, o presidente da Frelimo foi conciliador, dizendo que os membros do seu partido devem aprender a ouvir ideias contr\u00e1rias.<\/p>\n<p style=\"color: #222222; font-family: arial, sans-serif; font-size: 12.8px;\" dir=\"ltr\">Ali\u00e1s, para o presidente da Frelimo, em Mo\u00e7ambique, n\u00e3o h\u00e1 inimigos, mas sim \u201cirm\u00e3os\u201c que devem aprender a resolver problemas com base do di\u00e1logo, na paz e na harmonia, da\u00ed que a reconcilia\u00e7\u00e3o deve, sempre, fazer parte da vida dos mo\u00e7ambicanos.<\/p>\n<p style=\"color: #222222; font-family: arial, sans-serif; font-size: 12.8px;\" dir=\"ltr\">\u201cContinuemos assim, todos juntos, tolerantes. N\u00e3o h\u00e1 inimigos em Mo\u00e7ambique. Todos somos irm\u00e3os.<\/p>\n<p style=\"color: #222222; font-family: arial, sans-serif; font-size: 12.8px;\" dir=\"ltr\">\u00c9 preciso ouvir a opini\u00e3o do outro e n\u00e3o provocarmos guerra com ningu\u00e9m\u201d, reiterou o presidente da Frelimo.<\/p>\n","protected":false},"excerpt":{"rendered":"<p>A prepara\u00e7\u00e3o do d\u00e9cimo primeiro congresso da Frelimo \u00e9 o motivo que levou Filipe Nyusi, na qualidade de presidente dos \u201ccamaradas\u201d, a visitar, ontem, a sede provincial do seu partido, na Matola. &nbsp; \u00c0 sua chegada, Nyusi foi recebido com c\u00e2nticos e dan\u00e7as por membros e militantes do partido. No seu discurso, o presidente da &hellip;<\/p>\n","protected":false},"author":1,"featured_media":0,"comment_status":"open","ping_status":"open","sticky":false,"template":"","format":"standard","meta":{"_jetpack_memberships_contains_paid_content":false,"footnotes":""},"categories":[4],"tags":[],"class_list":["post-1789","post","type-post","status-publish","format-standard","hentry","category-outras"],"jetpack_featured_media_url":"","jetpack_sharing_enabled":true,"_links":{"self":[{"href":"https:\/\/www.frelimo.org.mz\/index.php?rest_route=\/wp\/v2\/posts\/1789","targetHints":{"allow":["GET"]}}],"collection":[{"href":"https:\/\/www.frelimo.org.mz\/index.php?rest_route=\/wp\/v2\/posts"}],"about":[{"href":"https:\/\/www.frelimo.org.mz\/index.php?rest_route=\/wp\/v2\/types\/post"}],"author":[{"embeddable":true,"href":"https:\/\/www.frelimo.org.mz\/index.php?rest_route=\/wp\/v2\/users\/1"}],"replies":[{"embeddable":true,"href":"https:\/\/www.frelimo.org.mz\/index.php?rest_route=%2Fwp%2Fv2%2Fcomments&post=1789"}],"version-history":[{"count":0,"href":"https:\/\/www.frelimo.org.mz\/index.php?rest_route=\/wp\/v2\/posts\/1789\/revisions"}],"wp:attachment":[{"href":"https:\/\/www.frelimo.org.mz\/index.php?rest_route=%2Fwp%2Fv2%2Fmedia&parent=1789"}],"wp:term":[{"taxonomy":"category","embeddable":true,"href":"https:\/\/www.frelimo.org.mz\/index.php?rest_route=%2Fwp%2Fv2%2Fcategories&post=1789"},{"taxonomy":"post_tag","embeddable":true,"href":"https:\/\/www.frelimo.org.mz\/index.php?rest_route=%2Fwp%2Fv2%2Ftags&post=1789"}],"curies":[{"name":"wp","href":"https:\/\/api.w.org\/{rel}","templated":true}]}}