{"id":1786,"date":"2017-04-05T18:16:36","date_gmt":"2017-04-05T18:16:36","guid":{"rendered":"https:\/\/www.frelimo.org.mz\/?p=1786"},"modified":"2017-04-05T18:16:36","modified_gmt":"2017-04-05T18:16:36","slug":"pr-promulga-lei-de-revisao-da-lei-de-proteccao-e-uso-sustentavel-da-diversidade-biologica","status":"publish","type":"post","link":"https:\/\/www.frelimo.org.mz\/?p=1786","title":{"rendered":"PR PROMULGA LEI DE REVIS\u00c3O DA LEI  DE PROTEC\u00c7\u00c3O E USO SUSTENT\u00c1VEL DA DIVERSIDADE BIOL\u00d3GICA"},"content":{"rendered":"<p style=\"line-height: 1.2; margin-top: 0pt; margin-bottom: 0pt; text-align: justify;\" dir=\"ltr\"><span style=\"font-size: 14pt; font-family: 'Century Gothic'; background-color: transparent; vertical-align: baseline; white-space: pre-wrap;\">O Presidente da Rep\u00fablica, <\/span><span style=\"font-size: 14pt; font-family: 'Century Gothic'; background-color: transparent; font-weight: bold; vertical-align: baseline; white-space: pre-wrap;\">Filipe Jacinto Nyusi<\/span><span style=\"font-size: 14pt; font-family: 'Century Gothic'; background-color: transparent; vertical-align: baseline; white-space: pre-wrap;\">, no uso das<\/span><span style=\"font-size: 16pt; font-family: Calibri; background-color: transparent; vertical-align: baseline; white-space: pre-wrap;\"> compet\u00eancias que lhe s\u00e3o<\/span><\/p>\n<p><!--more--><\/p>\n<p style=\"line-height: 1.2; margin-top: 0pt; margin-bottom: 0pt; text-align: justify;\" dir=\"ltr\"><span style=\"font-size: 16pt; font-family: Calibri; background-color: transparent; vertical-align: baseline; white-space: pre-wrap;\"> conferidas pelo n\u00famero 1 do artigo 163 da Constitui\u00e7\u00e3o da Rep\u00fablica, promulgou e mandou publicar a <\/span><span style=\"font-size: 16pt; font-family: Calibri; background-color: transparent; font-weight: bold; vertical-align: baseline; white-space: pre-wrap;\">Lei de Revis\u00e3o da Lei n\u00famero 16\/2014,<\/span><span style=\"font-size: 16pt; font-family: Calibri; background-color: transparent; vertical-align: baseline; white-space: pre-wrap;\"> de 20 de Junho, <\/span><span style=\"font-size: 16pt; font-family: Calibri; background-color: transparent; font-weight: bold; vertical-align: baseline; white-space: pre-wrap;\">Lei de Protec\u00e7\u00e3o, Conserva\u00e7\u00e3o e Uso Sustent\u00e1vel da Diversidade Biol\u00f3gica.<\/span><\/p>\n<p><span><span>&nbsp;<\/span><\/span><\/p>\n<p style=\"line-height: 1.2; margin-top: 0pt; margin-bottom: 0pt; text-align: justify;\" dir=\"ltr\"><span style=\"font-size: 16pt; font-family: Calibri; background-color: transparent; vertical-align: baseline; white-space: pre-wrap;\">A referida Lei foi recentemente aprovada pela Assembleia da Rep\u00fablica e submetida ao Presidente da Rep\u00fablica para promulga\u00e7\u00e3o, tendo o Chefe do Estado verificado que a mesma n\u00e3o contraria a Lei Fundamental. (<\/span><span style=\"font-size: 16pt; font-family: Calibri; background-color: transparent; font-weight: bold; vertical-align: baseline; white-space: pre-wrap;\">GI<\/span><span style=\"font-size: 16pt; font-family: Calibri; background-color: transparent; vertical-align: baseline; white-space: pre-wrap;\">)<\/span><span style=\"font-size: 11pt; font-family: Calibri; background-color: transparent; vertical-align: baseline; white-space: pre-wrap;\">.<\/span><\/p>\n<p><span style=\"font-size: 11pt; font-family: Calibri; background-color: transparent; vertical-align: baseline; white-space: pre-wrap;\">&nbsp;<\/span><\/p>\n","protected":false},"excerpt":{"rendered":"<p>O Presidente da Rep\u00fablica, Filipe Jacinto Nyusi, no uso das compet\u00eancias que lhe s\u00e3o conferidas pelo n\u00famero 1 do artigo 163 da Constitui\u00e7\u00e3o da Rep\u00fablica, promulgou e mandou publicar a Lei de Revis\u00e3o da Lei n\u00famero 16\/2014, de 20 de Junho, Lei de Protec\u00e7\u00e3o, Conserva\u00e7\u00e3o e Uso Sustent\u00e1vel da Diversidade Biol\u00f3gica. &nbsp; A referida Lei &hellip;<\/p>\n","protected":false},"author":1,"featured_media":0,"comment_status":"open","ping_status":"open","sticky":false,"template":"","format":"standard","meta":{"_jetpack_memberships_contains_paid_content":false,"footnotes":""},"categories":[4],"tags":[],"class_list":["post-1786","post","type-post","status-publish","format-standard","hentry","category-outras"],"jetpack_featured_media_url":"","jetpack_sharing_enabled":true,"_links":{"self":[{"href":"https:\/\/www.frelimo.org.mz\/index.php?rest_route=\/wp\/v2\/posts\/1786","targetHints":{"allow":["GET"]}}],"collection":[{"href":"https:\/\/www.frelimo.org.mz\/index.php?rest_route=\/wp\/v2\/posts"}],"about":[{"href":"https:\/\/www.frelimo.org.mz\/index.php?rest_route=\/wp\/v2\/types\/post"}],"author":[{"embeddable":true,"href":"https:\/\/www.frelimo.org.mz\/index.php?rest_route=\/wp\/v2\/users\/1"}],"replies":[{"embeddable":true,"href":"https:\/\/www.frelimo.org.mz\/index.php?rest_route=%2Fwp%2Fv2%2Fcomments&post=1786"}],"version-history":[{"count":0,"href":"https:\/\/www.frelimo.org.mz\/index.php?rest_route=\/wp\/v2\/posts\/1786\/revisions"}],"wp:attachment":[{"href":"https:\/\/www.frelimo.org.mz\/index.php?rest_route=%2Fwp%2Fv2%2Fmedia&parent=1786"}],"wp:term":[{"taxonomy":"category","embeddable":true,"href":"https:\/\/www.frelimo.org.mz\/index.php?rest_route=%2Fwp%2Fv2%2Fcategories&post=1786"},{"taxonomy":"post_tag","embeddable":true,"href":"https:\/\/www.frelimo.org.mz\/index.php?rest_route=%2Fwp%2Fv2%2Ftags&post=1786"}],"curies":[{"name":"wp","href":"https:\/\/api.w.org\/{rel}","templated":true}]}}