{"id":1782,"date":"2017-04-05T18:07:10","date_gmt":"2017-04-05T18:07:10","guid":{"rendered":"https:\/\/www.frelimo.org.mz\/?p=1782"},"modified":"2017-04-05T18:07:10","modified_gmt":"2017-04-05T18:07:10","slug":"cidade-de-maputo-frelimo-elege-delegados-as-conferencias-distritais","status":"publish","type":"post","link":"https:\/\/www.frelimo.org.mz\/?p=1782","title":{"rendered":"CIDADE DE MAPUTO: FRELIMO ELEGE DELEGADOS \u00c0S CONFER\u00caNCIAS DISTRITAIS"},"content":{"rendered":"<div class=\"_xlr\" style=\"padding: 0px 16px; font-family: Helvetica, Arial, sans-serif; color: #1d2129; font-size: 12px;\"><span class=\"fbPhotosPhotoCaption\" style=\"outline: none; display: inline; width: auto; font-size: 14px; line-height: 18px; font-family: inherit;\" data-ft=\"{&quot;tn&quot;:&quot;K&quot;}\"><span class=\"fbPhotosPhotoCaption\" style=\"outline: none; display: inline; width: auto; font-size: 14px; line-height: 18px; font-family: inherit;\" data-ft=\"{&quot;tn&quot;:&quot;K&quot;}\"><span class=\"fbPhotosPhotoCaption\" style=\"outline: none; display: inline; width: auto; font-size: 14px; line-height: 18px; font-family: inherit;\" data-ft=\"{&quot;tn&quot;:&quot;K&quot;}\">O Comit\u00e9 da Frelimo na Cidade de Maputo anunciou ontem que as confer\u00eancias distritais do partido ter\u00e3o lugar nos dias 21 e 22 de Abril.<\/span><\/span><\/span><br \/>\n<!--more--><br \/>\n<span class=\"fbPhotosPhotoCaption\" style=\"outline: none; display: inline; width: auto; font-size: 14px; line-height: 18px; font-family: inherit;\" data-ft=\"{&quot;tn&quot;:&quot;K&quot;}\"><span class=\"fbPhotosPhotoCaption\" style=\"outline: none; display: inline; width: auto; font-size: 14px; line-height: 18px; font-family: inherit;\" data-ft=\"{&quot;tn&quot;:&quot;K&quot;}\"><\/span><\/span><\/p>\n<p>A ideia, segundo o primeiro secret\u00e1rio da cidade, Francisco Mabjaia, \u00e9 a elei\u00e7\u00e3o dos delegados distritais que ir\u00e3o representar o partido na confer\u00eancia da cidade, cuja data da realiza\u00e7\u00e3o est\u00e1 a<span class=\"text_exposed_show\" style=\"display: inline; font-family: inherit;\">inda por indicar.<\/span><\/p>\n<p>Mabjaia explicou na ocasi\u00e3o que as elei\u00e7\u00f5es internas decorrem sem sobressaltos, num exerc\u00edcio que demonstra o qu\u00e3o a Frelimo \u00e9 verdadeiramente um partido que prima pela democracia nos seus actos.<\/p>\n<p>Francisco Mabjaia disse que para j\u00e1 foram eleitos 842 delegados nos comit\u00e9s de zona, em direc\u00e7\u00e3o aos distritos. Toda esta movimenta\u00e7\u00e3o se insere nos preparativos do XI congresso da Frelimo, que ter\u00e1 ligar em Setembro deste ano, na cidade da Matola, prov\u00edncia de Maputo.<\/p>\n<p>O primeiro secret\u00e1rio do comit\u00e9 da cidade mostrou-se satisfeito pela maneira como decorre o processo, afirmando que a Frelimo goza de perfeita sa\u00fade.<\/p>\n<p>\u201cSentimos que temos todas as condi\u00e7\u00f5es criadas para o pleno funcionamento do nosso partido. O nosso sucesso est\u00e1 nos \u00f3rg\u00e3os de base e essas consolidam-se com o presente exerc\u00edcio\u201d, disse Francisco Mabjaia, real\u00e7ando que este movimento mexeu com todos os bairros da cidade de Maputo, o que alargou o n\u00famero dos comit\u00e9s de zona e de c\u00edrculo.<\/p>\n<p>Mabjaia mostrou-se ainda satisfeito com o crescimento n\u00e3o s\u00f3 qualitativo como quantitativo do n\u00famero de membros da Frelimo na capital do pa\u00eds tra\u00e7ando um quadro positivo para o futuro da organiza\u00e7\u00e3o que dirige.<\/p>\n<p>Instado a pronunciar-se sobre os principais problemas da actualidade na governa\u00e7\u00e3o municipal, Francisco Mabjaia referiu-se \u00e0 crise de transporte, ao mesmo tempo que sentenciava que esta tem dias contados. Esta crise agudiza-se dia ap\u00f3s dia, ora com a greve dos trabalhadores da Empresa Municipal dos Transportes P\u00fablicos de Maputo, ora com o esmorecer das actividades dos transportadores semicolectivos, vulgo \u201cmy love\u201d.<\/p>\n<p>Apesar de reconhecer a crise, Mabjaia assegurou que mais autocarros chegar\u00e3o em breve para circularem pelas estradas da cidade de Maputo, assegurando que os trabalhadores, os estudantes e outros se desloquem para os seus locais de emprego, de ensino e outros, na sua az\u00e1fama di\u00e1ria de busca de melhores condi\u00e7\u00f5es para as suas vidas.<\/p>\n<\/div>\n<div id=\"fbPhotoSnowliftFundraiser\" style=\"font-family: Helvetica, Arial, sans-serif; color: #1d2129; font-size: 12px;\">&nbsp;<\/div>\n<div id=\"fbPhotoSnowliftSendTip\" style=\"font-family: Helvetica, Arial, sans-serif; color: #1d2129; font-size: 12px;\">&nbsp;<\/div>\n<div id=\"fbPhotoSnowliftViews\" class=\"_4p3v\" style=\"padding: 0px 16px; font-family: Helvetica, Arial, sans-serif; color: #1d2129; font-size: 12px;\">&nbsp;<\/div>\n<div id=\"fbPhotoSnowliftFeedback\" class=\"fbPhotosSnowliftFeedback\" style=\"margin-top: 8px; font-family: Helvetica, Arial, sans-serif; color: #1d2129; font-size: 12px;\">&nbsp;<\/div>\n","protected":false},"excerpt":{"rendered":"<p>O Comit\u00e9 da Frelimo na Cidade de Maputo anunciou ontem que as confer\u00eancias distritais do partido ter\u00e3o lugar nos dias 21 e 22 de Abril. A ideia, segundo o primeiro secret\u00e1rio da cidade, Francisco Mabjaia, \u00e9 a elei\u00e7\u00e3o dos delegados distritais que ir\u00e3o representar o partido na confer\u00eancia da cidade, cuja data da realiza\u00e7\u00e3o est\u00e1 &hellip;<\/p>\n","protected":false},"author":1,"featured_media":0,"comment_status":"open","ping_status":"open","sticky":false,"template":"","format":"standard","meta":{"_jetpack_memberships_contains_paid_content":false,"footnotes":""},"categories":[4],"tags":[],"class_list":["post-1782","post","type-post","status-publish","format-standard","hentry","category-outras"],"jetpack_featured_media_url":"","jetpack_sharing_enabled":true,"_links":{"self":[{"href":"https:\/\/www.frelimo.org.mz\/index.php?rest_route=\/wp\/v2\/posts\/1782","targetHints":{"allow":["GET"]}}],"collection":[{"href":"https:\/\/www.frelimo.org.mz\/index.php?rest_route=\/wp\/v2\/posts"}],"about":[{"href":"https:\/\/www.frelimo.org.mz\/index.php?rest_route=\/wp\/v2\/types\/post"}],"author":[{"embeddable":true,"href":"https:\/\/www.frelimo.org.mz\/index.php?rest_route=\/wp\/v2\/users\/1"}],"replies":[{"embeddable":true,"href":"https:\/\/www.frelimo.org.mz\/index.php?rest_route=%2Fwp%2Fv2%2Fcomments&post=1782"}],"version-history":[{"count":0,"href":"https:\/\/www.frelimo.org.mz\/index.php?rest_route=\/wp\/v2\/posts\/1782\/revisions"}],"wp:attachment":[{"href":"https:\/\/www.frelimo.org.mz\/index.php?rest_route=%2Fwp%2Fv2%2Fmedia&parent=1782"}],"wp:term":[{"taxonomy":"category","embeddable":true,"href":"https:\/\/www.frelimo.org.mz\/index.php?rest_route=%2Fwp%2Fv2%2Fcategories&post=1782"},{"taxonomy":"post_tag","embeddable":true,"href":"https:\/\/www.frelimo.org.mz\/index.php?rest_route=%2Fwp%2Fv2%2Ftags&post=1782"}],"curies":[{"name":"wp","href":"https:\/\/api.w.org\/{rel}","templated":true}]}}