{"id":1755,"date":"2017-03-14T13:01:05","date_gmt":"2017-03-14T13:01:05","guid":{"rendered":"https:\/\/www.frelimo.org.mz\/?p=1755"},"modified":"2017-03-14T13:01:05","modified_gmt":"2017-03-14T13:01:05","slug":"mocambique-e-japao-reactivam-prosavana","status":"publish","type":"post","link":"https:\/\/www.frelimo.org.mz\/?p=1755","title":{"rendered":"Mo\u00e7ambique e Jap\u00e3o Reactivam ProSavana"},"content":{"rendered":"<p><span style=\"color: #1d2129; font-family: Helvetica, Arial, sans-serif; font-size: 14px;\">Os governos de Mo\u00e7ambique e do Jap\u00e3o v\u00e3o reactivar os compromissos assumidos entre as partes no sentido de garantir o<\/span><\/p>\n<p><!--more--><\/p>\n<p><span style=\"color: #1d2129; font-family: Helvetica, Arial, sans-serif; font-size: 14px;\">arranque, a breve trecho, do projecto trilateral denominado ProSavana, a ser implementado em 19 distritos das prov\u00edncias da Zamb\u00e9zia, Nampula e Niassa (no Corredor de Nacala) numa extens\u00e3o de terra calculada em 11 milh\u00f5es de hectares.<\/span><br style=\"color: #1d2129; font-family: Helvetica, Arial, sans-serif; font-size: 14px;\" \/><span style=\"color: #1d2129; font-family: Helvetica, Arial, sans-serif; font-size: 14px;\">A concretiza\u00e7\u00e3o do ProSavana, a ser implementad<\/span><span class=\"text_exposed_show\" style=\"display: inline; font-family: Helvetica, Arial, sans-serif; color: #1d2129; font-size: 14px;\">o numa \u00e1rea cuja extens\u00e3o de terra \u00e9 maior que o territ\u00f3rio do vizinho Malawi, al\u00e9m de aumentar os volumes de excedentes poder\u00e1 transformar o Corredor de Nacala num celeiro alimentar para o pa\u00eds e refor\u00e7ar a capacidade de exportar v\u00e1rias culturas que a regi\u00e3o tem um elevado potencial.<br \/>A convic\u00e7\u00e3o foi expressa pelo Ministro da Agricultura e Seguran\u00e7a Alimentar, Jos\u00e9 Pacheco, que se encontra em T\u00f3quio e integra a delega\u00e7\u00e3o do Presidente da Rep\u00fablica, Filipe Nyusi, que durante quatro dias estar\u00e1 em visita oficial a este pa\u00eds asi\u00e1tico.<\/span><\/p>\n","protected":false},"excerpt":{"rendered":"<p>Os governos de Mo\u00e7ambique e do Jap\u00e3o v\u00e3o reactivar os compromissos assumidos entre as partes no sentido de garantir o arranque, a breve trecho, do projecto trilateral denominado ProSavana, a ser implementado em 19 distritos das prov\u00edncias da Zamb\u00e9zia, Nampula e Niassa (no Corredor de Nacala) numa extens\u00e3o de terra calculada em 11 milh\u00f5es de &hellip;<\/p>\n","protected":false},"author":1,"featured_media":0,"comment_status":"open","ping_status":"open","sticky":false,"template":"","format":"standard","meta":{"_jetpack_memberships_contains_paid_content":false,"footnotes":""},"categories":[4],"tags":[],"class_list":["post-1755","post","type-post","status-publish","format-standard","hentry","category-outras"],"jetpack_featured_media_url":"","jetpack_sharing_enabled":true,"_links":{"self":[{"href":"https:\/\/www.frelimo.org.mz\/index.php?rest_route=\/wp\/v2\/posts\/1755","targetHints":{"allow":["GET"]}}],"collection":[{"href":"https:\/\/www.frelimo.org.mz\/index.php?rest_route=\/wp\/v2\/posts"}],"about":[{"href":"https:\/\/www.frelimo.org.mz\/index.php?rest_route=\/wp\/v2\/types\/post"}],"author":[{"embeddable":true,"href":"https:\/\/www.frelimo.org.mz\/index.php?rest_route=\/wp\/v2\/users\/1"}],"replies":[{"embeddable":true,"href":"https:\/\/www.frelimo.org.mz\/index.php?rest_route=%2Fwp%2Fv2%2Fcomments&post=1755"}],"version-history":[{"count":0,"href":"https:\/\/www.frelimo.org.mz\/index.php?rest_route=\/wp\/v2\/posts\/1755\/revisions"}],"wp:attachment":[{"href":"https:\/\/www.frelimo.org.mz\/index.php?rest_route=%2Fwp%2Fv2%2Fmedia&parent=1755"}],"wp:term":[{"taxonomy":"category","embeddable":true,"href":"https:\/\/www.frelimo.org.mz\/index.php?rest_route=%2Fwp%2Fv2%2Fcategories&post=1755"},{"taxonomy":"post_tag","embeddable":true,"href":"https:\/\/www.frelimo.org.mz\/index.php?rest_route=%2Fwp%2Fv2%2Ftags&post=1755"}],"curies":[{"name":"wp","href":"https:\/\/api.w.org\/{rel}","templated":true}]}}