{"id":1722,"date":"2017-02-10T09:23:49","date_gmt":"2017-02-10T09:23:49","guid":{"rendered":"https:\/\/www.frelimo.org.mz\/?p=1722"},"modified":"2017-02-10T09:23:49","modified_gmt":"2017-02-10T09:23:49","slug":"ha-sinais-fortes-para-o-alcance-da-paz-efectiva-em-mocambique","status":"publish","type":"post","link":"https:\/\/www.frelimo.org.mz\/?p=1722","title":{"rendered":"H\u00e1 sinais fortes para o alcance da paz efectiva em Mo\u00e7ambique."},"content":{"rendered":"<p>Palavras sabias do Cda Secret\u00e1rio Geral da Frelimo em com\u00edcio popular no c\u00edrculo de Matanato, distrito de Zavala em Inhambane. O dirigente do partido disse que o Presidente do Partido Filipe Nyusi esta empenhado em dialogar com o l\u00edder da Renamo com vista a se<\/p>\n<p><!--more--><\/p>\n<p>alcan\u00e7ar o mais breve poss\u00edvel a paz efectiva de modo que o povo mo\u00e7ambicano continue a desenvolver as suas actividades normalmente, sem medo. Eliseu Machava referiu ainda que a popula\u00e7\u00e3o deve aproveitar o momento chuvoso para aumentar a produ\u00e7\u00e3o de comida. Depois de Zavala o secret\u00e1rio geral escala a Vila de Jangamo onde vai orientar a II Sess\u00e3o Extraordin\u00e1ria do Secretariado do Comit\u00e9 Provincial alargado a outros quadros.(x)<\/p>\n","protected":false},"excerpt":{"rendered":"<p>Palavras sabias do Cda Secret\u00e1rio Geral da Frelimo em com\u00edcio popular no c\u00edrculo de Matanato, distrito de Zavala em Inhambane. O dirigente do partido disse que o Presidente do Partido Filipe Nyusi esta empenhado em dialogar com o l\u00edder da Renamo com vista a se alcan\u00e7ar o mais breve poss\u00edvel a paz efectiva de modo &hellip;<\/p>\n","protected":false},"author":1,"featured_media":0,"comment_status":"open","ping_status":"open","sticky":false,"template":"","format":"standard","meta":{"_jetpack_memberships_contains_paid_content":false,"footnotes":""},"categories":[4],"tags":[],"class_list":["post-1722","post","type-post","status-publish","format-standard","hentry","category-outras"],"jetpack_featured_media_url":"","jetpack_sharing_enabled":true,"_links":{"self":[{"href":"https:\/\/www.frelimo.org.mz\/index.php?rest_route=\/wp\/v2\/posts\/1722","targetHints":{"allow":["GET"]}}],"collection":[{"href":"https:\/\/www.frelimo.org.mz\/index.php?rest_route=\/wp\/v2\/posts"}],"about":[{"href":"https:\/\/www.frelimo.org.mz\/index.php?rest_route=\/wp\/v2\/types\/post"}],"author":[{"embeddable":true,"href":"https:\/\/www.frelimo.org.mz\/index.php?rest_route=\/wp\/v2\/users\/1"}],"replies":[{"embeddable":true,"href":"https:\/\/www.frelimo.org.mz\/index.php?rest_route=%2Fwp%2Fv2%2Fcomments&post=1722"}],"version-history":[{"count":0,"href":"https:\/\/www.frelimo.org.mz\/index.php?rest_route=\/wp\/v2\/posts\/1722\/revisions"}],"wp:attachment":[{"href":"https:\/\/www.frelimo.org.mz\/index.php?rest_route=%2Fwp%2Fv2%2Fmedia&parent=1722"}],"wp:term":[{"taxonomy":"category","embeddable":true,"href":"https:\/\/www.frelimo.org.mz\/index.php?rest_route=%2Fwp%2Fv2%2Fcategories&post=1722"},{"taxonomy":"post_tag","embeddable":true,"href":"https:\/\/www.frelimo.org.mz\/index.php?rest_route=%2Fwp%2Fv2%2Ftags&post=1722"}],"curies":[{"name":"wp","href":"https:\/\/api.w.org\/{rel}","templated":true}]}}