{"id":1707,"date":"2017-01-25T06:36:55","date_gmt":"2017-01-25T06:36:55","guid":{"rendered":"https:\/\/www.frelimo.org.mz\/?p=1707"},"modified":"2017-01-25T06:36:55","modified_gmt":"2017-01-25T06:36:55","slug":"visita-a-mocambique-do-presidente-da-turquia","status":"publish","type":"post","link":"https:\/\/www.frelimo.org.mz\/?p=1707","title":{"rendered":"VISITA A MO\u00c7AMBIQUE DO PRESIDENTE DA TURQUIA"},"content":{"rendered":"<div class=\"itemIntroText\" style=\"margin: 0px; padding: 4px 0px 12px; border: 0px; outline: 0px; font-size: 13px; vertical-align: baseline; background-image: initial; background-position: initial; background-repeat: initial; background-attachment: initial; line-height: inherit; color: #444444; font-family: Arial, Helvetica, sans-serif;\">\n<p style=\"margin: 1em 0px; font-family: 'Helvetica Neue', Helvetica, Arial, sans-serif; color: #666666; font-size: 12px;\">Presidente Nyusi e Presidente Erdogan assinam quatro acordos de Coopera\u00e7\u00e3o e dois memorandos de entendimento. A visita do Presidente Erdogan, acompanhado por uma delega\u00e7\u00e3o composta por 150 empres\u00e1rios, foi marcada por v\u00e1rios momentos dentre os quais conversa\u00e7\u00f5es<\/p>\n<p><!--more--><\/p>\n<p style=\"margin: 1em 0px; font-family: 'Helvetica Neue', Helvetica, Arial, sans-serif; color: #666666; font-size: 12px;\">oficiais e um F\u00f3rum empresarial.<\/p>\n<p style=\"margin: 1em 0px; font-family: 'Helvetica Neue', Helvetica, Arial, sans-serif; color: #666666; font-size: 12px;\">Presidente Nyusi considerou esta visita hist\u00f3rica, pois \u00e9 a primeira de um Chefe do Estado da Turquia desde a independ\u00eancia nacional. Erdogan foi assim recebido com 19 salvas de canh\u00e3o.<\/p>\n<\/div>\n","protected":false},"excerpt":{"rendered":"<p>Presidente Nyusi e Presidente Erdogan assinam quatro acordos de Coopera\u00e7\u00e3o e dois memorandos de entendimento. A visita do Presidente Erdogan, acompanhado por uma delega\u00e7\u00e3o composta por 150 empres\u00e1rios, foi marcada por v\u00e1rios momentos dentre os quais conversa\u00e7\u00f5es oficiais e um F\u00f3rum empresarial. Presidente Nyusi considerou esta visita hist\u00f3rica, pois \u00e9 a primeira de um Chefe &hellip;<\/p>\n","protected":false},"author":1,"featured_media":0,"comment_status":"open","ping_status":"open","sticky":false,"template":"","format":"standard","meta":{"_jetpack_memberships_contains_paid_content":false,"footnotes":""},"categories":[4],"tags":[],"class_list":["post-1707","post","type-post","status-publish","format-standard","hentry","category-outras"],"jetpack_featured_media_url":"","jetpack_sharing_enabled":true,"_links":{"self":[{"href":"https:\/\/www.frelimo.org.mz\/index.php?rest_route=\/wp\/v2\/posts\/1707","targetHints":{"allow":["GET"]}}],"collection":[{"href":"https:\/\/www.frelimo.org.mz\/index.php?rest_route=\/wp\/v2\/posts"}],"about":[{"href":"https:\/\/www.frelimo.org.mz\/index.php?rest_route=\/wp\/v2\/types\/post"}],"author":[{"embeddable":true,"href":"https:\/\/www.frelimo.org.mz\/index.php?rest_route=\/wp\/v2\/users\/1"}],"replies":[{"embeddable":true,"href":"https:\/\/www.frelimo.org.mz\/index.php?rest_route=%2Fwp%2Fv2%2Fcomments&post=1707"}],"version-history":[{"count":0,"href":"https:\/\/www.frelimo.org.mz\/index.php?rest_route=\/wp\/v2\/posts\/1707\/revisions"}],"wp:attachment":[{"href":"https:\/\/www.frelimo.org.mz\/index.php?rest_route=%2Fwp%2Fv2%2Fmedia&parent=1707"}],"wp:term":[{"taxonomy":"category","embeddable":true,"href":"https:\/\/www.frelimo.org.mz\/index.php?rest_route=%2Fwp%2Fv2%2Fcategories&post=1707"},{"taxonomy":"post_tag","embeddable":true,"href":"https:\/\/www.frelimo.org.mz\/index.php?rest_route=%2Fwp%2Fv2%2Ftags&post=1707"}],"curies":[{"name":"wp","href":"https:\/\/api.w.org\/{rel}","templated":true}]}}