{"id":1706,"date":"2017-01-25T06:34:16","date_gmt":"2017-01-25T06:34:16","guid":{"rendered":"https:\/\/www.frelimo.org.mz\/?p=1706"},"modified":"2017-01-25T06:34:16","modified_gmt":"2017-01-25T06:34:16","slug":"presidente-da-republica-ordena-retirada-compulsiva-dos-afectados-pela-chuva","status":"publish","type":"post","link":"https:\/\/www.frelimo.org.mz\/?p=1706","title":{"rendered":"PRESIDENTE DA REP\u00daBLICA ORDENA RETIRADA COMPULSIVA DOS AFECTADOS PELA CHUVA"},"content":{"rendered":"<div class=\"itemIntroText\" style=\"margin: 0px; padding: 4px 0px 12px; border: 0px; outline: 0px; font-size: 13px; vertical-align: baseline; background-image: initial; background-position: initial; background-repeat: initial; background-attachment: initial; line-height: inherit; color: #444444; font-family: Arial, Helvetica, sans-serif;\">\n<p style=\"margin: 0.5em 0px; padding: 0px; border: 0px; outline: 0px; vertical-align: baseline; background: transparent;\"><span style=\"margin: 0px; padding: 0px; border: 0px; outline: 0px; font-size: 12pt; vertical-align: baseline; background: transparent; line-height: 18.4px; font-family: Verdana, sans-serif;\">O Presidente da Rep\u00fablica, Filipe Nyusi, reafirmou a necessidade de o governo empenhar-se na resolu\u00e7\u00e3o dos problemas que a popula\u00e7\u00e3o enfrenta, garantindo a seguran\u00e7a das pessoas e a disponibilidade de alimentos.<\/span><\/p>\n<p><!--more--><\/p>\n<p style=\"margin: 0.5em 0px; padding: 0px; border: 0px; outline: 0px; vertical-align: baseline; background: transparent;\"><span style=\"margin: 0px; padding: 0px; border: 0px; outline: 0px; font-size: 12pt; vertical-align: baseline; background: transparent; line-height: 18.4px; font-family: Verdana, sans-serif;\"><\/span><\/p>\n<\/div>\n<div class=\"itemFullText\" style=\"margin: 0px; padding: 0px; border: 0px; outline: 0px; font-size: 13px; vertical-align: baseline; background-image: initial; background-position: initial; background-repeat: initial; background-attachment: initial; color: #444444; font-family: Arial, Helvetica, sans-serif;\">\n<p style=\"margin: 0.5em 0px; padding: 0px; border: 0px; outline: 0px; vertical-align: baseline; background: transparent;\"><span style=\"margin: 0px; padding: 0px; border: 0px; outline: 0px; font-size: 12pt; vertical-align: baseline; background: transparent; line-height: 18.4px; font-family: Verdana, sans-serif;\">O Chefe do Estado falava esta segunda-feira, em Maputo, na primeira sess\u00e3o ordin\u00e1ria do Conselho de Ministros, que serviu para analisar a situa\u00e7\u00e3o de emerg\u00eancia no pa\u00eds e o trabalho das brigadas de monitoria da campanha agr\u00edcola e pesqueira 2016\/2017.<\/span><\/p>\n<p style=\"margin: 0.5em 0px; padding: 0px; border: 0px; outline: 0px; vertical-align: baseline; background: transparent;\"><span style=\"margin: 0px; padding: 0px; border: 0px; outline: 0px; font-size: 12pt; vertical-align: baseline; background: transparent; line-height: 18.4px; font-family: Verdana, sans-serif;\">Depois de acompanhar a apresenta\u00e7\u00e3o dos relat\u00f3rios, o Presidente da Republica disse que uma popula\u00e7\u00e3o nutrida vai assegurar o desenvolvimento do pa\u00eds.<\/span><\/p>\n<p style=\"margin: 0.5em 0px; padding: 0px; border: 0px; outline: 0px; vertical-align: baseline; background: transparent;\"><span style=\"margin: 0px; padding: 0px; border: 0px; outline: 0px; font-size: 12pt; vertical-align: baseline; background: transparent; line-height: 18.4px; font-family: Verdana, sans-serif;\">O Chefe do Estado manifestou preocupa\u00e7\u00e3o com os estragos provocados pela chuva no pa\u00eds, tendo sublinhado, aos membros do governo, que n\u00e3o devem negociar a retirada da popula\u00e7\u00e3o de zonas de risco para os locais seguros.<\/span><\/p>\n<p style=\"margin: 0.5em 0px; padding: 0px; border: 0px; outline: 0px; vertical-align: baseline; background: transparent;\"><span style=\"margin: 0px; padding: 0px; border: 0px; outline: 0px; font-size: 12pt; vertical-align: baseline; background: transparent; line-height: 18.4px; font-family: Verdana, sans-serif;\">O Presidente da Rep\u00fablica foi, igualmente, informado que desde o in\u00edcio da \u00e9poca chuvosa, o pa\u00eds registou quarenta mortos e a destrui\u00e7\u00e3o de v\u00e1rias infra-estruturas sociais.<\/span><\/p>\n<p style=\"margin: 0.5em 0px; padding: 0px; border: 0px; outline: 0px; vertical-align: baseline; background: transparent;\"><span style=\"margin: 0px; padding: 0px; border: 0px; outline: 0px; font-size: 12pt; vertical-align: baseline; background: transparent; line-height: 18.4px; font-family: Verdana, sans-serif;\">O vice-ministro da Administra\u00e7\u00e3o Estatal e Fun\u00e7\u00e3o P\u00fablica, Roque Silva, disse que a maior parte das bacias hidrogr\u00e1ficas do pa\u00eds est\u00e3o a atingir n\u00edveis acima do alerta, esperando-se mais chuva esta semana. (RM)<\/span><\/p>\n<\/div>\n","protected":false},"excerpt":{"rendered":"<p>O Presidente da Rep\u00fablica, Filipe Nyusi, reafirmou a necessidade de o governo empenhar-se na resolu\u00e7\u00e3o dos problemas que a popula\u00e7\u00e3o enfrenta, garantindo a seguran\u00e7a das pessoas e a disponibilidade de alimentos. O Chefe do Estado falava esta segunda-feira, em Maputo, na primeira sess\u00e3o ordin\u00e1ria do Conselho de Ministros, que serviu para analisar a situa\u00e7\u00e3o de &hellip;<\/p>\n","protected":false},"author":1,"featured_media":0,"comment_status":"open","ping_status":"open","sticky":false,"template":"","format":"standard","meta":{"_jetpack_memberships_contains_paid_content":false,"footnotes":""},"categories":[4],"tags":[],"class_list":["post-1706","post","type-post","status-publish","format-standard","hentry","category-outras"],"jetpack_featured_media_url":"","jetpack_sharing_enabled":true,"_links":{"self":[{"href":"https:\/\/www.frelimo.org.mz\/index.php?rest_route=\/wp\/v2\/posts\/1706","targetHints":{"allow":["GET"]}}],"collection":[{"href":"https:\/\/www.frelimo.org.mz\/index.php?rest_route=\/wp\/v2\/posts"}],"about":[{"href":"https:\/\/www.frelimo.org.mz\/index.php?rest_route=\/wp\/v2\/types\/post"}],"author":[{"embeddable":true,"href":"https:\/\/www.frelimo.org.mz\/index.php?rest_route=\/wp\/v2\/users\/1"}],"replies":[{"embeddable":true,"href":"https:\/\/www.frelimo.org.mz\/index.php?rest_route=%2Fwp%2Fv2%2Fcomments&post=1706"}],"version-history":[{"count":0,"href":"https:\/\/www.frelimo.org.mz\/index.php?rest_route=\/wp\/v2\/posts\/1706\/revisions"}],"wp:attachment":[{"href":"https:\/\/www.frelimo.org.mz\/index.php?rest_route=%2Fwp%2Fv2%2Fmedia&parent=1706"}],"wp:term":[{"taxonomy":"category","embeddable":true,"href":"https:\/\/www.frelimo.org.mz\/index.php?rest_route=%2Fwp%2Fv2%2Fcategories&post=1706"},{"taxonomy":"post_tag","embeddable":true,"href":"https:\/\/www.frelimo.org.mz\/index.php?rest_route=%2Fwp%2Fv2%2Ftags&post=1706"}],"curies":[{"name":"wp","href":"https:\/\/api.w.org\/{rel}","templated":true}]}}