{"id":1698,"date":"2017-01-20T06:16:43","date_gmt":"2017-01-20T06:16:43","guid":{"rendered":"https:\/\/www.frelimo.org.mz\/?p=1698"},"modified":"2017-01-20T06:16:43","modified_gmt":"2017-01-20T06:16:43","slug":"epoca-chuvosa-governo-emite-alerta-laranja","status":"publish","type":"post","link":"https:\/\/www.frelimo.org.mz\/?p=1698","title":{"rendered":"\u00c9poca Chuvosa: Governo Emite Alerta Laranja"},"content":{"rendered":"<p><span style=\"color: #1d2129; font-family: 'Helvetica Neue', Helvetica, Arial, sans-serif; font-size: 14px;\">O Conselho T\u00e9cnico de Gest\u00e3o de Calamidades decretou alerta-laranja face aos efeitos da chuva e ventos fortes que fustigam as regi\u00f5es norte, centro e sul do pa\u00eds.<\/span><\/p>\n<p><!--more--><\/p>\n<p><span style=\"color: #1d2129; font-family: 'Helvetica Neue', Helvetica, Arial, sans-serif; font-size: 14px;\"><\/span><span style=\"color: #1d2129; font-family: 'Helvetica Neue', Helvetica, Arial, sans-serif; font-size: 14px;\">O Porta-voz do Instituto Nacional de Gest\u00e3o de Calamidades (INGC), Paulo Tom\u00e1s, disse que o alerta-laranja decretado vai permitir a intensifica\u00e7\u00e3o de ac\u00e7\u00f5es de monitoria dos danos da \u00e9poca chuvosa.<\/span><br style=\"color: #1d2129; font-family: 'Helvetica Neue', Helvetica, Arial, sans-serif; font-size: 14px;\" \/><span style=\"color: #1d2129; font-family: 'Helvetica Neue', Helvetica, Arial, sans-serif; font-size: 14px;\">Paulo Tom\u00e1s falava, esta quarta-feira,&nbsp;<\/span><span class=\"text_exposed_show\" style=\"display: inline; font-family: 'Helvetica Neue', Helvetica, Arial, sans-serif; color: #1d2129; font-size: 14px;\">em Maputo, ap\u00f3s a reuni\u00e3o do Conselho T\u00e9cnico de Gest\u00e3o de Calamidades que avaliou os danos, devido \u00e0 chuva e ventos fortes.<\/span><\/p>\n","protected":false},"excerpt":{"rendered":"<p>O Conselho T\u00e9cnico de Gest\u00e3o de Calamidades decretou alerta-laranja face aos efeitos da chuva e ventos fortes que fustigam as regi\u00f5es norte, centro e sul do pa\u00eds. O Porta-voz do Instituto Nacional de Gest\u00e3o de Calamidades (INGC), Paulo Tom\u00e1s, disse que o alerta-laranja decretado vai permitir a intensifica\u00e7\u00e3o de ac\u00e7\u00f5es de monitoria dos danos da &hellip;<\/p>\n","protected":false},"author":1,"featured_media":0,"comment_status":"open","ping_status":"open","sticky":false,"template":"","format":"standard","meta":{"_jetpack_memberships_contains_paid_content":false,"footnotes":""},"categories":[4],"tags":[],"class_list":["post-1698","post","type-post","status-publish","format-standard","hentry","category-outras"],"jetpack_featured_media_url":"","jetpack_sharing_enabled":true,"_links":{"self":[{"href":"https:\/\/www.frelimo.org.mz\/index.php?rest_route=\/wp\/v2\/posts\/1698","targetHints":{"allow":["GET"]}}],"collection":[{"href":"https:\/\/www.frelimo.org.mz\/index.php?rest_route=\/wp\/v2\/posts"}],"about":[{"href":"https:\/\/www.frelimo.org.mz\/index.php?rest_route=\/wp\/v2\/types\/post"}],"author":[{"embeddable":true,"href":"https:\/\/www.frelimo.org.mz\/index.php?rest_route=\/wp\/v2\/users\/1"}],"replies":[{"embeddable":true,"href":"https:\/\/www.frelimo.org.mz\/index.php?rest_route=%2Fwp%2Fv2%2Fcomments&post=1698"}],"version-history":[{"count":0,"href":"https:\/\/www.frelimo.org.mz\/index.php?rest_route=\/wp\/v2\/posts\/1698\/revisions"}],"wp:attachment":[{"href":"https:\/\/www.frelimo.org.mz\/index.php?rest_route=%2Fwp%2Fv2%2Fmedia&parent=1698"}],"wp:term":[{"taxonomy":"category","embeddable":true,"href":"https:\/\/www.frelimo.org.mz\/index.php?rest_route=%2Fwp%2Fv2%2Fcategories&post=1698"},{"taxonomy":"post_tag","embeddable":true,"href":"https:\/\/www.frelimo.org.mz\/index.php?rest_route=%2Fwp%2Fv2%2Ftags&post=1698"}],"curies":[{"name":"wp","href":"https:\/\/api.w.org\/{rel}","templated":true}]}}