{"id":1690,"date":"2017-01-11T09:53:59","date_gmt":"2017-01-11T09:53:59","guid":{"rendered":"https:\/\/www.frelimo.org.mz\/?p=1690"},"modified":"2017-01-11T09:53:59","modified_gmt":"2017-01-11T09:53:59","slug":"pr-nyusi-homenageia-mario-soares-ele-lutou-pelo-que-sempre-acreditou","status":"publish","type":"post","link":"https:\/\/www.frelimo.org.mz\/?p=1690","title":{"rendered":"PR NYUSI HOMENAGEIA M\u00c1RIO SOARES: ELE LUTOU PELO QUE SEMPRE ACREDITOU"},"content":{"rendered":"<p><span style=\"color: #1d2129; font-family: 'Helvetica Neue', Helvetica, Arial, sans-serif; font-size: 14px;\">O Presidente da Rep\u00fablica, Filipe Nyusi, considera que n\u00e3o h\u00e1 como falar de Mo\u00e7ambique e Portugal sem se referir \u00e0 imponente figura de M\u00e1rio Soares que, segundo afirma, \u201clutou pelo que sempre acreditou\u201d.<\/span><\/p>\n<p><!--more--><\/p>\n<p><span style=\"color: #1d2129; font-family: 'Helvetica Neue', Helvetica, Arial, sans-serif; font-size: 14px;\"><\/span><span style=\"color: #1d2129; font-family: 'Helvetica Neue', Helvetica, Arial, sans-serif; font-size: 14px;\">M\u00e1rio Soares morreu no \u00faltimo s\u00e1bado, em Lisboa, v\u00edtima de doen\u00e7a.<\/span><\/p>\n<p>Na sua mensagem de condol\u00eancias, o Chefe do Estado refere que M\u00e1rio Soares foi um dos que se juntaram ao povo mo\u00e7ambicano no culminar da luta pela independ\u00eancia, atrav\u00e9s da sua inestim\u00e1vel contribui\u00e7\u00e3o para a descoloniza\u00e7\u00e3o, que permitiu a proclama\u00e7\u00e3o da independ\u00eancia total e completa de Mo\u00e7ambique.<\/p>\n<p>\u201cA sua participa\u00e7\u00e3o fez com que Mo\u00e7ambique e Portugal tivessem, ainda hoje, estes la\u00e7os hist\u00f3ricos que os une em v\u00e1rios dom\u00ednios, e cujo futuro est\u00e1 cimentado no mais profundo sentimento de amizade e irmandade. A sua partida deixa um vazio dif\u00edcil de preencher, porque n\u00e3o h\u00e1 como falar de Portugal e Mo\u00e7ambique sem se referir \u00e0 sua imponente figura na constru\u00e7\u00e3o desta amizade e deste entendimento que hoje perdura, irmanando os dois pa\u00edses\u201d, afirma Nyusi.<\/p>\n<p>Filipe Nyusi destaca ainda dizendo que n\u00e3o h\u00e1 palavras suficientes que possam preencher o vazio deixado por M\u00e1rio Soares, tanto para o povo portugu\u00eas, como para o povo mo\u00e7ambicano, \u201crestando-nos apenas curvarmo-nos \u00e0 sua grande figura de um homem que lutou pelo que sempre acreditou\u201d.<\/p>\n<p>M\u00e1rio Soares, antigo Presidente da Rep\u00fablica portuguesa, morreu aos 92 anos no Hospital da Cruz Vermelha, em Lisboa, onde estava internado desde 13 de Dezembro.<\/p>\n","protected":false},"excerpt":{"rendered":"<p>O Presidente da Rep\u00fablica, Filipe Nyusi, considera que n\u00e3o h\u00e1 como falar de Mo\u00e7ambique e Portugal sem se referir \u00e0 imponente figura de M\u00e1rio Soares que, segundo afirma, \u201clutou pelo que sempre acreditou\u201d. M\u00e1rio Soares morreu no \u00faltimo s\u00e1bado, em Lisboa, v\u00edtima de doen\u00e7a. Na sua mensagem de condol\u00eancias, o Chefe do Estado refere que &hellip;<\/p>\n","protected":false},"author":1,"featured_media":0,"comment_status":"open","ping_status":"open","sticky":false,"template":"","format":"standard","meta":{"_jetpack_memberships_contains_paid_content":false,"footnotes":""},"categories":[4],"tags":[],"class_list":["post-1690","post","type-post","status-publish","format-standard","hentry","category-outras"],"jetpack_featured_media_url":"","jetpack_sharing_enabled":true,"_links":{"self":[{"href":"https:\/\/www.frelimo.org.mz\/index.php?rest_route=\/wp\/v2\/posts\/1690","targetHints":{"allow":["GET"]}}],"collection":[{"href":"https:\/\/www.frelimo.org.mz\/index.php?rest_route=\/wp\/v2\/posts"}],"about":[{"href":"https:\/\/www.frelimo.org.mz\/index.php?rest_route=\/wp\/v2\/types\/post"}],"author":[{"embeddable":true,"href":"https:\/\/www.frelimo.org.mz\/index.php?rest_route=\/wp\/v2\/users\/1"}],"replies":[{"embeddable":true,"href":"https:\/\/www.frelimo.org.mz\/index.php?rest_route=%2Fwp%2Fv2%2Fcomments&post=1690"}],"version-history":[{"count":0,"href":"https:\/\/www.frelimo.org.mz\/index.php?rest_route=\/wp\/v2\/posts\/1690\/revisions"}],"wp:attachment":[{"href":"https:\/\/www.frelimo.org.mz\/index.php?rest_route=%2Fwp%2Fv2%2Fmedia&parent=1690"}],"wp:term":[{"taxonomy":"category","embeddable":true,"href":"https:\/\/www.frelimo.org.mz\/index.php?rest_route=%2Fwp%2Fv2%2Fcategories&post=1690"},{"taxonomy":"post_tag","embeddable":true,"href":"https:\/\/www.frelimo.org.mz\/index.php?rest_route=%2Fwp%2Fv2%2Ftags&post=1690"}],"curies":[{"name":"wp","href":"https:\/\/api.w.org\/{rel}","templated":true}]}}