{"id":1687,"date":"2017-01-04T17:22:52","date_gmt":"2017-01-04T17:22:52","guid":{"rendered":"https:\/\/www.frelimo.org.mz\/?p=1687"},"modified":"2017-01-04T17:22:52","modified_gmt":"2017-01-04T17:22:52","slug":"chefe-do-estado-exonera-vice-ministro-do-interior","status":"publish","type":"post","link":"https:\/\/www.frelimo.org.mz\/?p=1687","title":{"rendered":"Chefe do Estado Exonera Vice-Ministro do Interior"},"content":{"rendered":"<p style=\"margin: 0px; color: #222222; font-family: arial, sans-serif; font-size: 12.8px;\"><span style=\"font-size: 12pt; line-height: 24px; font-family: tahoma, sans-serif; color: black;\">O Presidente da Rep\u00fablica, Filipe Jacinto Nyusi, exonerou o Vice-Ministro do Interior.<\/span><\/p>\n<p style=\"margin: 0px; color: #222222; font-family: arial, sans-serif; font-size: 12.8px;\"><span style=\"font-size: 12pt; line-height: 24px; font-family: tahoma, sans-serif; color: black;\">&nbsp;\u200bDe acordo com \u200b o&nbsp;comunicado de imprensa da Presid\u00eancia da Rep\u00fablica, enviado hoje aos meios de<\/span><\/p>\n<p><!--more--><\/p>\n<p style=\"margin: 0px; color: #222222; font-family: arial, sans-serif; font-size: 12.8px;\"><span style=\"font-size: 12pt; line-height: 24px; font-family: tahoma, sans-serif; color: black;\">comunica\u00e7\u00e3o social, o Chefe do Estado, Filipe Nyusi, \u200bno&nbsp;uso de suas compet\u00eancias que lhe s\u00e3o conferidas pela Constitui\u00e7\u00e3o da Rep\u00fablica,&nbsp;exonerou\u200b Jos\u00e9 dos Santos Coimbra do cargo de Vice-Ministro do Interior. Ressaltar que, o ex-Vice-ministro, Jos\u00e9 dos Santos Coimbra, ocupava o cargo desde Janeiro de 2015.\u200b<\/span><\/p>\n","protected":false},"excerpt":{"rendered":"<p>O Presidente da Rep\u00fablica, Filipe Jacinto Nyusi, exonerou o Vice-Ministro do Interior. &nbsp;\u200bDe acordo com \u200b o&nbsp;comunicado de imprensa da Presid\u00eancia da Rep\u00fablica, enviado hoje aos meios de comunica\u00e7\u00e3o social, o Chefe do Estado, Filipe Nyusi, \u200bno&nbsp;uso de suas compet\u00eancias que lhe s\u00e3o conferidas pela Constitui\u00e7\u00e3o da Rep\u00fablica,&nbsp;exonerou\u200b Jos\u00e9 dos Santos Coimbra do cargo de &hellip;<\/p>\n","protected":false},"author":1,"featured_media":0,"comment_status":"open","ping_status":"open","sticky":false,"template":"","format":"standard","meta":{"_jetpack_memberships_contains_paid_content":false,"footnotes":""},"categories":[4],"tags":[],"class_list":["post-1687","post","type-post","status-publish","format-standard","hentry","category-outras"],"jetpack_featured_media_url":"","jetpack_sharing_enabled":true,"_links":{"self":[{"href":"https:\/\/www.frelimo.org.mz\/index.php?rest_route=\/wp\/v2\/posts\/1687","targetHints":{"allow":["GET"]}}],"collection":[{"href":"https:\/\/www.frelimo.org.mz\/index.php?rest_route=\/wp\/v2\/posts"}],"about":[{"href":"https:\/\/www.frelimo.org.mz\/index.php?rest_route=\/wp\/v2\/types\/post"}],"author":[{"embeddable":true,"href":"https:\/\/www.frelimo.org.mz\/index.php?rest_route=\/wp\/v2\/users\/1"}],"replies":[{"embeddable":true,"href":"https:\/\/www.frelimo.org.mz\/index.php?rest_route=%2Fwp%2Fv2%2Fcomments&post=1687"}],"version-history":[{"count":0,"href":"https:\/\/www.frelimo.org.mz\/index.php?rest_route=\/wp\/v2\/posts\/1687\/revisions"}],"wp:attachment":[{"href":"https:\/\/www.frelimo.org.mz\/index.php?rest_route=%2Fwp%2Fv2%2Fmedia&parent=1687"}],"wp:term":[{"taxonomy":"category","embeddable":true,"href":"https:\/\/www.frelimo.org.mz\/index.php?rest_route=%2Fwp%2Fv2%2Fcategories&post=1687"},{"taxonomy":"post_tag","embeddable":true,"href":"https:\/\/www.frelimo.org.mz\/index.php?rest_route=%2Fwp%2Fv2%2Ftags&post=1687"}],"curies":[{"name":"wp","href":"https:\/\/api.w.org\/{rel}","templated":true}]}}