{"id":1671,"date":"2016-12-22T11:42:16","date_gmt":"2016-12-22T11:42:16","guid":{"rendered":"https:\/\/www.frelimo.org.mz\/?p=1671"},"modified":"2016-12-22T11:42:16","modified_gmt":"2016-12-22T11:42:16","slug":"economia-mocambicana-podera-voltar-a-crescer-a-partir-de-2018-presidente-da-republica","status":"publish","type":"post","link":"https:\/\/www.frelimo.org.mz\/?p=1671","title":{"rendered":"\u201cECONOMIA MO\u00c7AMBICANA PODER\u00c1 VOLTAR A CRESCER A PARTIR DE 2018\u201d- PRESIDENTE DA REP\u00daBLICA"},"content":{"rendered":"<p style=\"margin: 0.5em 0px; padding: 0px; border: 0px; outline: 0px; font-size: 13px; vertical-align: baseline; background-image: initial; background-position: initial; background-repeat: initial; background-attachment: initial; color: #444444; font-family: Arial, Helvetica, sans-serif;\">Filipe Nyusi falava, num banquete de Estado oferecido a membros do governo e diversas personalidades nacionais e estrangeiras, por ocasi\u00e3o das festas do natal e do fim de ano.<\/p>\n<p><!--more--><\/p>\n<p style=\"margin: 0.5em 0px; padding: 0px; border: 0px; outline: 0px; font-size: 13px; vertical-align: baseline; background-image: initial; background-position: initial; background-repeat: initial; background-attachment: initial; color: #444444; font-family: Arial, Helvetica, sans-serif;\">&nbsp;<\/p>\n<p style=\"margin: 0.5em 0px; padding: 0px; border: 0px; outline: 0px; font-size: 13px; vertical-align: baseline; background-image: initial; background-position: initial; background-repeat: initial; background-attachment: initial; color: #444444; font-family: Arial, Helvetica, sans-serif;\">\u201cPrevemos que a partir de 2018, a economia nacional poder\u00e1 voltar a crescer ao ritmo de 7% e pr\u00f3ximo de 9% a partir de 2023, quando todos projectos de g\u00e1s estiverem operacionais\u201d. No lado da receita apostamos na moderniza\u00e7\u00e3o da colheita de impostos e no alargamento da base tribut\u00e1ria, sem aumentar os impostos. Com esta pol\u00edtica pretende-se complementar as mediadas de car\u00e1cter monet\u00e1ria para conter a infla\u00e7\u00e3o e desta forma, contribuir para baixarem as taxas de juro, estimulando assim os investimento e mais disponibilidade de cr\u00e9dito ao sector privado, parceiro estrat\u00e9gico da execu\u00e7\u00e3o do programa do governo. \u201c<\/p>\n<p style=\"margin: 0.5em 0px; padding: 0px; border: 0px; outline: 0px; font-size: 13px; vertical-align: baseline; background-image: initial; background-position: initial; background-repeat: initial; background-attachment: initial; color: #444444; font-family: Arial, Helvetica, sans-serif;\">Na ocasi\u00e3o, o chefe de Estado sublinhou que o governo elegeu os sectores da agricultura e agro-processamento, turismo e infra-estruturas como prioridades para alavancar a economia nacional.<\/p>\n<p style=\"margin: 0.5em 0px; padding: 0px; border: 0px; outline: 0px; font-size: 13px; vertical-align: baseline; background-image: initial; background-position: initial; background-repeat: initial; background-attachment: initial; color: #444444; font-family: Arial, Helvetica, sans-serif;\">\u201cA ac\u00e7\u00e3o coordenada do governo com o apoio dos parceiros nacionais e internacionais, permitiu salvar a vida de milhares de mo\u00e7ambicanos atrav\u00e9s do provimento de \u00e1gua pot\u00e1vel, alimentos e meios de produ\u00e7\u00e3o. Como consequ\u00eancia das adversidades clim\u00e1ticas e climat\u00e9ricas, aliadas a queda dos pre\u00e7os dos produtos que exportamos e a limita\u00e7\u00e3o de circula\u00e7\u00e3o de pessoas e bens, o custo de vida aumentou. Esta situa\u00e7\u00e3o exigiu de n\u00f3s a tomada de medidas dif\u00edceis de pol\u00edticas monet\u00e1ria e fiscal, mas necess\u00e1rias para alterar a situa\u00e7\u00e3o prevalecente. Com efeito come\u00e7amos a notar melhorias a n\u00edvel da taxa de c\u00e2mbio e prevemos em 2017 uma redu\u00e7\u00e3o dos n\u00edveis de infla\u00e7\u00e3o. H\u00e1 que saudar a tend\u00eancia generalizada que tem vindo a ser reportada nos \u00faltimos dias da exist\u00eancia de produtos essenciais para a quadra festiva, em que nos encontramos, bem assim a redu\u00e7\u00e3o dos pre\u00e7os de alguns deles em algumas cidades. Estaremos sem alaridos, a viver o fruto da nossa pr\u00f3pria consci\u00eancia, de que a produ\u00e7\u00e3o nacional \u00e9 que \u00e9 a solu\u00e7\u00e3o, o que s\u00f3 pode acontecer perante uma firmeza de uma na\u00e7\u00e3o que vive adversidades \u201c frisou o Presidente da Rep\u00fablica, Filipe Nyusi. (RM)<\/p>\n","protected":false},"excerpt":{"rendered":"<p>Filipe Nyusi falava, num banquete de Estado oferecido a membros do governo e diversas personalidades nacionais e estrangeiras, por ocasi\u00e3o das festas do natal e do fim de ano. &nbsp; \u201cPrevemos que a partir de 2018, a economia nacional poder\u00e1 voltar a crescer ao ritmo de 7% e pr\u00f3ximo de 9% a partir de 2023, &hellip;<\/p>\n","protected":false},"author":1,"featured_media":0,"comment_status":"open","ping_status":"open","sticky":false,"template":"","format":"standard","meta":{"_jetpack_memberships_contains_paid_content":false,"footnotes":""},"categories":[4],"tags":[],"class_list":["post-1671","post","type-post","status-publish","format-standard","hentry","category-outras"],"jetpack_featured_media_url":"","jetpack_sharing_enabled":true,"_links":{"self":[{"href":"https:\/\/www.frelimo.org.mz\/index.php?rest_route=\/wp\/v2\/posts\/1671","targetHints":{"allow":["GET"]}}],"collection":[{"href":"https:\/\/www.frelimo.org.mz\/index.php?rest_route=\/wp\/v2\/posts"}],"about":[{"href":"https:\/\/www.frelimo.org.mz\/index.php?rest_route=\/wp\/v2\/types\/post"}],"author":[{"embeddable":true,"href":"https:\/\/www.frelimo.org.mz\/index.php?rest_route=\/wp\/v2\/users\/1"}],"replies":[{"embeddable":true,"href":"https:\/\/www.frelimo.org.mz\/index.php?rest_route=%2Fwp%2Fv2%2Fcomments&post=1671"}],"version-history":[{"count":0,"href":"https:\/\/www.frelimo.org.mz\/index.php?rest_route=\/wp\/v2\/posts\/1671\/revisions"}],"wp:attachment":[{"href":"https:\/\/www.frelimo.org.mz\/index.php?rest_route=%2Fwp%2Fv2%2Fmedia&parent=1671"}],"wp:term":[{"taxonomy":"category","embeddable":true,"href":"https:\/\/www.frelimo.org.mz\/index.php?rest_route=%2Fwp%2Fv2%2Fcategories&post=1671"},{"taxonomy":"post_tag","embeddable":true,"href":"https:\/\/www.frelimo.org.mz\/index.php?rest_route=%2Fwp%2Fv2%2Ftags&post=1671"}],"curies":[{"name":"wp","href":"https:\/\/api.w.org\/{rel}","templated":true}]}}