{"id":1646,"date":"2016-12-10T07:49:33","date_gmt":"2016-12-10T07:49:33","guid":{"rendered":"https:\/\/www.frelimo.org.mz\/?p=1646"},"modified":"2016-12-10T07:49:33","modified_gmt":"2016-12-10T07:49:33","slug":"presidente-da-republica-filipe-nyusi-distinguido-maior-promotor-da-avicultura","status":"publish","type":"post","link":"https:\/\/www.frelimo.org.mz\/?p=1646","title":{"rendered":"PRESIDENTE DA REP\u00daBLICA, FILIPE NYUSI, DISTINGUIDO MAIOR PROMOTOR DA AVICULTURA"},"content":{"rendered":"<p><span style=\"color: #1d2129; font-family: 'Helvetica Neue', Helvetica, Arial, sans-serif; font-size: 14px;\">O presidente da Republica Filipe Nyusi foi distinguido, esta quinta-feira, como o maior promotor da avicultura em Mo\u00e7ambique pelo Minist\u00e9rio da Agricultura Seguran\u00e7a Alimentar.<\/span><\/p>\n<p><!--more--><\/p>\n<p><span style=\"color: #1d2129; font-family: 'Helvetica Neue', Helvetica, Arial, sans-serif; font-size: 14px;\"><\/span><span style=\"color: #1d2129; font-family: 'Helvetica Neue', Helvetica, Arial, sans-serif; font-size: 14px;\">A distin\u00e7\u00e3o ocorreu no culminar da primeira reuni\u00e3o nacional de avicultura realizada ontem, em Rapale, prov\u00edncia de Nampula.<\/span><span class=\"text_exposed_show\" style=\"display: inline; font-family: 'Helvetica Neue', Helvetica, Arial, sans-serif; color: #1d2129; font-size: 14px;\"><br \/>Outras individualidades e institui\u00e7\u00f5es tamb\u00e9m foram distinguidas, como por exemplo a IBAVET, como pioneira na assist\u00eancia veterin\u00e1ria, a Adam e APAM, pela promo\u00e7\u00e3o de associativismo av\u00edcola.<\/span><\/p>\n<p>Jorge Mondlane, da prov\u00edncia de Gaza, foi distinguido como jovem empreendedor avicultor e a Novos Horizontes de Nampula como promotora do desenvolvimento av\u00edcola na zona norte dos pa\u00eds.<\/p>\n<p>Esta sexta-feira, o chefe do estado mo\u00e7ambicano inaugura uma f\u00e1brica de processamento de castanha de caju no posto administrativo de Namicopo, na cidade de Nampula e que tem a particularidade de empregar maioritariamente mulheres.<\/p>\n<p>E depois na sua qualidade de Comandante em Chefe das Forcas Armadas de Defesa de Mo\u00e7ambique presidira a cerim\u00f3nia de fim de curso de cadetes na Academia Militar Samora Mois\u00e9s Machel.<br \/>Filipe Nyusi termina esta sexta-feira a visita de trabalho a Nampula.<\/p>\n","protected":false},"excerpt":{"rendered":"<p>O presidente da Republica Filipe Nyusi foi distinguido, esta quinta-feira, como o maior promotor da avicultura em Mo\u00e7ambique pelo Minist\u00e9rio da Agricultura Seguran\u00e7a Alimentar. A distin\u00e7\u00e3o ocorreu no culminar da primeira reuni\u00e3o nacional de avicultura realizada ontem, em Rapale, prov\u00edncia de Nampula.Outras individualidades e institui\u00e7\u00f5es tamb\u00e9m foram distinguidas, como por exemplo a IBAVET, como pioneira &hellip;<\/p>\n","protected":false},"author":1,"featured_media":0,"comment_status":"open","ping_status":"open","sticky":false,"template":"","format":"standard","meta":{"_jetpack_memberships_contains_paid_content":false,"footnotes":""},"categories":[4],"tags":[],"class_list":["post-1646","post","type-post","status-publish","format-standard","hentry","category-outras"],"jetpack_featured_media_url":"","jetpack_sharing_enabled":true,"_links":{"self":[{"href":"https:\/\/www.frelimo.org.mz\/index.php?rest_route=\/wp\/v2\/posts\/1646","targetHints":{"allow":["GET"]}}],"collection":[{"href":"https:\/\/www.frelimo.org.mz\/index.php?rest_route=\/wp\/v2\/posts"}],"about":[{"href":"https:\/\/www.frelimo.org.mz\/index.php?rest_route=\/wp\/v2\/types\/post"}],"author":[{"embeddable":true,"href":"https:\/\/www.frelimo.org.mz\/index.php?rest_route=\/wp\/v2\/users\/1"}],"replies":[{"embeddable":true,"href":"https:\/\/www.frelimo.org.mz\/index.php?rest_route=%2Fwp%2Fv2%2Fcomments&post=1646"}],"version-history":[{"count":0,"href":"https:\/\/www.frelimo.org.mz\/index.php?rest_route=\/wp\/v2\/posts\/1646\/revisions"}],"wp:attachment":[{"href":"https:\/\/www.frelimo.org.mz\/index.php?rest_route=%2Fwp%2Fv2%2Fmedia&parent=1646"}],"wp:term":[{"taxonomy":"category","embeddable":true,"href":"https:\/\/www.frelimo.org.mz\/index.php?rest_route=%2Fwp%2Fv2%2Fcategories&post=1646"},{"taxonomy":"post_tag","embeddable":true,"href":"https:\/\/www.frelimo.org.mz\/index.php?rest_route=%2Fwp%2Fv2%2Ftags&post=1646"}],"curies":[{"name":"wp","href":"https:\/\/api.w.org\/{rel}","templated":true}]}}