{"id":1626,"date":"2016-11-27T16:26:08","date_gmt":"2016-11-27T16:26:08","guid":{"rendered":"https:\/\/www.frelimo.org.mz\/?p=1626"},"modified":"2016-11-27T16:26:08","modified_gmt":"2016-11-27T16:26:08","slug":"mensagem-de-sua-excelencia-filipe-jacinto-nyusi-presidente-da-republica-de-mocambique-pela-morte-de-fidel-castro-antigo-presidente-da-republica-de-cuba","status":"publish","type":"post","link":"https:\/\/www.frelimo.org.mz\/?p=1626","title":{"rendered":"Mensagem de Sua Excel\u00eancia Filipe Jacinto Nyusi, Presidente da Rep\u00fablica de Mo\u00e7ambique,  pela morte de Fidel Castro antigo Presidente da Rep\u00fablica de Cuba"},"content":{"rendered":"<table style=\"width: 624px; border-collapse: collapse; border: none; margin-left: 6.75pt; margin-right: 6.75pt;\" border=\"1\" cellspacing=\"0\" cellpadding=\"0\" align=\"left\">\n<tbody>\n<tr>\n<td style=\"width: 468pt; border: 4.5pt double windowtext; padding: 0cm 5.4pt;\" valign=\"top\" width=\"624\">\n<p style=\"text-align: center; line-height: 150%;\" align=\"center\"><strong><span style=\"font-size: 14pt; line-height: 150%; font-family: 'Trebuchet MS', sans-serif;\">Rep\u00fablica de Mo\u00e7ambique<\/span><\/strong><\/p>\n<p style=\"text-align: center; line-height: 150%;\" align=\"center\"><strong><span style=\"font-size: 14pt; line-height: 150%; font-family: 'Trebuchet MS', sans-serif;\">Presid\u00eancia da Rep\u00fablica<\/span><\/strong><\/p>\n<p style=\"text-align: center;\" align=\"center\"><span style=\"font-size: 13pt; line-height: 115%; font-family: 'Trebuchet MS', sans-serif;\">_________________<\/span><\/p>\n<p style=\"text-align: center; line-height: 150%;\" align=\"center\"><strong><span style=\"font-size: 15pt; line-height: 150%; font-family: 'Trebuchet MS', sans-serif;\">Mensagem de Sua Excel\u00eancia Filipe Jacinto Nyusi,<\/span><\/strong><\/p>\n<p style=\"text-align: center; line-height: 150%;\" align=\"center\"><strong><span style=\"font-size: 15pt; line-height: 150%; font-family: 'Trebuchet MS', sans-serif;\">Presidente da Rep\u00fablica de Mo\u00e7ambique, <\/span><\/strong><span style=\"font-size: 14pt; line-height: 150%; font-family: 'Comic Sans MS';\">&nbsp;<strong>pela morte de Fidel Castro antigo Presidente da Rep<\/strong><\/span><strong><span style=\"font-size: 14pt; line-height: 150%; font-family: 'Comic Sans MS';\">\u00fa<\/span><\/strong><strong><span style=\"font-size: 14pt; line-height: 150%; font-family: 'Comic Sans MS';\">blica de Cuba<\/span><\/strong><\/p>\n<p style=\"line-height: 150%;\"><strong><span style=\"font-size: 16pt; line-height: 150%; font-family: 'Trebuchet MS', sans-serif;\">&nbsp;&nbsp;&nbsp;&nbsp;&nbsp;&nbsp;&nbsp;&nbsp;&nbsp;&nbsp;&nbsp;&nbsp;&nbsp;&nbsp;&nbsp;&nbsp;&nbsp;&nbsp;&nbsp;&nbsp;&nbsp;&nbsp;&nbsp; &nbsp;&nbsp;Maputo, 26 de Novembro de 2016<\/span><\/strong><\/p>\n<\/td>\n<\/tr>\n<\/tbody>\n<\/table>\n<p style=\"margin-bottom: 0.0001pt; text-align: justify; line-height: normal;\"><span style=\"font-size: 12pt; font-family: 'Comic Sans MS';\">Foi com grande pesar e consterna\u00e7\u00e3o que tomamos conhecimento &nbsp;do desaparecimento f<\/span><span style=\"font-size: 12pt; font-family: 'Comic Sans MS';\">\u00ed<\/span><span style=\"font-size: 12pt; font-family: 'Comic Sans MS';\">sico, no dia 25 de Novembro, do Comandante Fidel Alejandro Castro Ruz, antigo Presidente da Rep<\/span><span style=\"font-size: 12pt; font-family: 'Comic Sans MS';\">\u00fa<\/span><span style=\"font-size: 12pt; font-family: 'Comic Sans MS';\">blica de Cuba e l<\/span><span style=\"font-size: 12pt; font-family: 'Comic Sans MS';\">\u00ed<\/span><span style=\"font-size: 12pt; font-family: 'Comic Sans MS';\">der da revolu\u00e7\u00e3o cubana.<\/span><\/p>\n<p style=\"margin-bottom: 0.0001pt; text-align: justify; line-height: normal;\"><span style=\"font-size: 12pt; font-family: 'Comic Sans MS';\">Neste momento de<\/span><\/p>\n<p><!--more--><\/p>\n<p style=\"margin-bottom: 0.0001pt; text-align: justify; line-height: normal;\"><span style=\"font-size: 12pt; font-family: 'Comic Sans MS';\">tristeza e dor, permita-nos apresentar a s<\/span><span style=\"font-size: 12pt; font-family: 'Comic Sans MS';\">i<\/span><span style=\"font-size: 12pt; font-family: 'Comic Sans MS';\">, &nbsp;Senhor Presidente, e atrav\u00e9s de si, ao Governo e ao her<\/span><span style=\"font-size: 12pt; font-family: 'Comic Sans MS';\">\u00f3<\/span><span style=\"font-size: 12pt; font-family: 'Comic Sans MS';\">ico povo irm\u00e3o de Cuba, as nossas mais profundas condol\u00eancias pela perda de um dos maiores <\/span><span style=\"font-size: 12pt; font-family: 'Comic Sans MS';\">\u00ed<\/span><span style=\"font-size: 12pt; font-family: 'Comic Sans MS';\">cones pol\u00edticos dos nossos tempos, cuja projec\u00e7\u00e3o e reconhecimento vai para<\/span><span style=\"font-size: 12pt; font-family: 'Comic Sans MS';\"> al\u00e9<\/span><span style=\"font-size: 12pt; font-family: 'Comic Sans MS';\">m de Cuba e estende-se para o mundo inteiro e para toda a humanidade.<\/span><\/p>\n<p style=\"margin-bottom: 0.0001pt; text-align: justify; line-height: normal;\"><span style=\"font-size: 12pt; font-family: 'Comic Sans MS';\">Curvamo nos perante a figura do Comandante Fidel Castro pelo seu inestim<\/span><span style=\"font-size: 12pt; font-family: 'Comic Sans MS';\">\u00e1<\/span><span style=\"font-size: 12pt; font-family: 'Comic Sans MS';\">vel e incans\u00e1vel combate pela paz mundial, estabilidade e independ<\/span><span style=\"font-size: 12pt; font-family: 'Comic Sans MS';\">\u00ea<\/span><span style=\"font-size: 12pt; font-family: 'Comic Sans MS';\">ncia e igualdade soberana entre os povos, em particular na \u00c1frica Austral.<\/span><\/p>\n<p style=\"margin-bottom: 0.0001pt; text-align: justify; line-height: normal;\"><span style=\"font-size: 12pt; font-family: 'Comic Sans MS';\">Em Mo\u00e7ambique, o seu incomensur\u00e1vel e indel<\/span><span style=\"font-size: 12pt; font-family: 'Comic Sans MS';\">\u00e9vel <\/span><span style=\"font-size: 12pt; font-family: 'Comic Sans MS';\">contributo pela causa da independ<\/span><span style=\"font-size: 12pt; font-family: 'Comic Sans MS';\">\u00ea<\/span><span style=\"font-size: 12pt; font-family: 'Comic Sans MS';\">ncia, bem estar e progresso social, pelos valores da amizade e solidariedade entre os povos mo\u00e7ambicano e cubano, <\/span><span style=\"font-size: 12pt; font-family: 'Comic Sans MS';\">representa um<\/span><span style=\"font-size: 12pt; font-family: 'Comic Sans MS';\"> legado&nbsp; que sempre valorizaremos e transmitiremos <\/span><span style=\"font-size: 12pt; font-family: 'Comic Sans MS';\">\u00e0<\/span><span style=\"font-size: 12pt; font-family: 'Comic Sans MS';\">s futuras gera<\/span><span style=\"font-size: 12pt; font-family: 'Comic Sans MS';\">\u00e7\u00f5es<\/span><span style=\"font-size: 12pt; font-family: 'Comic Sans MS';\">.<\/span><\/p>\n<p style=\"margin-bottom: 0.0001pt; text-align: justify; line-height: normal;\"><span style=\"font-size: 12pt; font-family: 'Comic Sans MS';\">Sua Excel<\/span><span style=\"font-size: 12pt; font-family: 'Comic Sans MS';\">\u00ea<\/span><span style=\"font-size: 12pt; font-family: 'Comic Sans MS';\">ncia<\/span><\/p>\n<p style=\"margin-bottom: 0.0001pt; text-align: justify; line-height: normal;\"><strong><span style=\"font-size: 12pt; font-family: 'Comic Sans MS';\">Raul Modesto Castro Ruz<\/span><\/strong><\/p>\n<p style=\"margin-bottom: 0.0001pt; text-align: justify; line-height: normal;\"><span style=\"font-size: 12pt; font-family: 'Comic Sans MS';\">Presidente da Rep<\/span><span style=\"font-size: 12pt; font-family: 'Comic Sans MS';\">\u00fa<\/span><span style=\"font-size: 12pt; font-family: 'Comic Sans MS';\">blica de Cuba<\/span><\/p>\n<p style=\"margin-bottom: 0.0001pt; text-align: justify; line-height: normal;\"><span style=\"text-decoration: underline;\"><span style=\"font-size: 12pt; font-family: 'Comic Sans MS';\">HAVANA<\/span><\/span><\/p>\n<p style=\"margin-bottom: 0.0001pt; text-align: justify; line-height: normal;\"><span style=\"font-size: 12pt; font-family: 'Comic Sans MS';\">Neste momento particular em que rendemos a nossa singela e sentida homenagem ao Comandante Fidel Castro, queremos reiterar a si, Senhor Presidente, a nossa disponibilidade para juntos seguir trabalhando para que as rela<\/span><span style=\"font-size: 12pt; font-family: 'Comic Sans MS';\">\u00e7\u00f5es<\/span><span style=\"font-size: 12pt; font-family: 'Comic Sans MS';\"> bilaterais entre Mo\u00e7ambique e Cuba continuem sendo exemplares, cada vez mais s<\/span><span style=\"font-size: 12pt; font-family: 'Comic Sans MS';\">\u00f3<\/span><span style=\"font-size: 12pt; font-family: 'Comic Sans MS';\">lidas e de amizade genu<\/span><span style=\"font-size: 12pt; font-family: 'Comic Sans MS';\">\u00ed<\/span><span style=\"font-size: 12pt; font-family: 'Comic Sans MS';\">na e benef<\/span><span style=\"font-size: 12pt; font-family: 'Comic Sans MS';\">\u00ed<\/span><span style=\"font-size: 12pt; font-family: 'Comic Sans MS';\">cios m<\/span><span style=\"font-size: 12pt; font-family: 'Comic Sans MS';\">\u00fa<\/span><span style=\"font-size: 12pt; font-family: 'Comic Sans MS';\">tuos.<\/span><\/p>\n<p style=\"margin-bottom: 0.0001pt; text-align: justify; line-height: normal;\"><span style=\"font-size: 12pt; font-family: 'Comic Sans MS';\">Queira aceitar, Senhor Presidente, os meus mais calorosos cumprimentos da nossa mais elevada estima e considera\u00e7\u00e3o.<\/span><\/p>\n<p style=\"margin-bottom: 0.0001pt; text-align: center; line-height: normal;\" align=\"center\"><strong><span style=\"font-size: 12pt; font-family: 'Comic Sans MS';\">Filipe Jacinto Nyusi<\/span><\/strong><\/p>\n<p style=\"margin-bottom: 0.0001pt; text-align: center; line-height: normal;\" align=\"center\"><strong><span style=\"font-size: 12pt; font-family: 'Comic Sans MS';\">Presidente da Rep<\/span><\/strong><strong><span style=\"font-size: 12pt; font-family: 'Comic Sans MS';\">\u00fa<\/span><\/strong><strong><span style=\"font-size: 12pt; font-family: 'Comic Sans MS';\">blica de Mo\u00e7ambique<\/span><\/strong><\/p>\n","protected":false},"excerpt":{"rendered":"<p>Rep\u00fablica de Mo\u00e7ambique Presid\u00eancia da Rep\u00fablica _________________ Mensagem de Sua Excel\u00eancia Filipe Jacinto Nyusi, Presidente da Rep\u00fablica de Mo\u00e7ambique, &nbsp;pela morte de Fidel Castro antigo Presidente da Rep\u00fablica de Cuba &nbsp;&nbsp;&nbsp;&nbsp;&nbsp;&nbsp;&nbsp;&nbsp;&nbsp;&nbsp;&nbsp;&nbsp;&nbsp;&nbsp;&nbsp;&nbsp;&nbsp;&nbsp;&nbsp;&nbsp;&nbsp;&nbsp;&nbsp; &nbsp;&nbsp;Maputo, 26 de Novembro de 2016 Foi com grande pesar e consterna\u00e7\u00e3o que tomamos conhecimento &nbsp;do desaparecimento f\u00edsico, no dia 25 de Novembro, do &hellip;<\/p>\n","protected":false},"author":1,"featured_media":0,"comment_status":"open","ping_status":"open","sticky":false,"template":"","format":"standard","meta":{"_jetpack_memberships_contains_paid_content":false,"footnotes":""},"categories":[4],"tags":[],"class_list":["post-1626","post","type-post","status-publish","format-standard","hentry","category-outras"],"jetpack_featured_media_url":"","jetpack_sharing_enabled":true,"_links":{"self":[{"href":"https:\/\/www.frelimo.org.mz\/index.php?rest_route=\/wp\/v2\/posts\/1626","targetHints":{"allow":["GET"]}}],"collection":[{"href":"https:\/\/www.frelimo.org.mz\/index.php?rest_route=\/wp\/v2\/posts"}],"about":[{"href":"https:\/\/www.frelimo.org.mz\/index.php?rest_route=\/wp\/v2\/types\/post"}],"author":[{"embeddable":true,"href":"https:\/\/www.frelimo.org.mz\/index.php?rest_route=\/wp\/v2\/users\/1"}],"replies":[{"embeddable":true,"href":"https:\/\/www.frelimo.org.mz\/index.php?rest_route=%2Fwp%2Fv2%2Fcomments&post=1626"}],"version-history":[{"count":0,"href":"https:\/\/www.frelimo.org.mz\/index.php?rest_route=\/wp\/v2\/posts\/1626\/revisions"}],"wp:attachment":[{"href":"https:\/\/www.frelimo.org.mz\/index.php?rest_route=%2Fwp%2Fv2%2Fmedia&parent=1626"}],"wp:term":[{"taxonomy":"category","embeddable":true,"href":"https:\/\/www.frelimo.org.mz\/index.php?rest_route=%2Fwp%2Fv2%2Fcategories&post=1626"},{"taxonomy":"post_tag","embeddable":true,"href":"https:\/\/www.frelimo.org.mz\/index.php?rest_route=%2Fwp%2Fv2%2Ftags&post=1626"}],"curies":[{"name":"wp","href":"https:\/\/api.w.org\/{rel}","templated":true}]}}