{"id":1623,"date":"2016-11-23T07:15:56","date_gmt":"2016-11-23T07:15:56","guid":{"rendered":"https:\/\/www.frelimo.org.mz\/?p=1623"},"modified":"2016-11-23T07:15:56","modified_gmt":"2016-11-23T07:15:56","slug":"inaugurada-hoje-ponte-marracuene-macaneta","status":"publish","type":"post","link":"https:\/\/www.frelimo.org.mz\/?p=1623","title":{"rendered":"INAUGURADA HOJE PONTE MARRACUENE-MACANETA"},"content":{"rendered":"<p>A ponte sobre o Rio Incom\u00e1ti, ligando a sede do distrito de Marracuene e a zona tur\u00edstica de Macaneta, na prov\u00edncia de Maputo, ser\u00e1 inaugurada esta manh\u00e3.<\/p>\n<p><!--more--><\/p>\n<p>A constru\u00e7\u00e3o desta ponte enquadra-se no \u00e2mbito do Programa do Governo e faz parte do projecto de constru\u00e7\u00e3o da Estrada Circular de Maputo. A infra-estrutura ir\u00e1 aliviar a anterior situa\u00e7\u00e3o de travessia neste ponto, caracterizada por avarias constantes do batel\u00e3o, situa\u00e7\u00e3o que obrigava os utentes a recorrerem a outros meios, nem sempre seguros.<\/p>\n","protected":false},"excerpt":{"rendered":"<p>A ponte sobre o Rio Incom\u00e1ti, ligando a sede do distrito de Marracuene e a zona tur\u00edstica de Macaneta, na prov\u00edncia de Maputo, ser\u00e1 inaugurada esta manh\u00e3. A constru\u00e7\u00e3o desta ponte enquadra-se no \u00e2mbito do Programa do Governo e faz parte do projecto de constru\u00e7\u00e3o da Estrada Circular de Maputo. A infra-estrutura ir\u00e1 aliviar a &hellip;<\/p>\n","protected":false},"author":1,"featured_media":0,"comment_status":"open","ping_status":"open","sticky":false,"template":"","format":"standard","meta":{"_jetpack_memberships_contains_paid_content":false,"footnotes":""},"categories":[4],"tags":[],"class_list":["post-1623","post","type-post","status-publish","format-standard","hentry","category-outras"],"jetpack_featured_media_url":"","jetpack_sharing_enabled":true,"_links":{"self":[{"href":"https:\/\/www.frelimo.org.mz\/index.php?rest_route=\/wp\/v2\/posts\/1623","targetHints":{"allow":["GET"]}}],"collection":[{"href":"https:\/\/www.frelimo.org.mz\/index.php?rest_route=\/wp\/v2\/posts"}],"about":[{"href":"https:\/\/www.frelimo.org.mz\/index.php?rest_route=\/wp\/v2\/types\/post"}],"author":[{"embeddable":true,"href":"https:\/\/www.frelimo.org.mz\/index.php?rest_route=\/wp\/v2\/users\/1"}],"replies":[{"embeddable":true,"href":"https:\/\/www.frelimo.org.mz\/index.php?rest_route=%2Fwp%2Fv2%2Fcomments&post=1623"}],"version-history":[{"count":0,"href":"https:\/\/www.frelimo.org.mz\/index.php?rest_route=\/wp\/v2\/posts\/1623\/revisions"}],"wp:attachment":[{"href":"https:\/\/www.frelimo.org.mz\/index.php?rest_route=%2Fwp%2Fv2%2Fmedia&parent=1623"}],"wp:term":[{"taxonomy":"category","embeddable":true,"href":"https:\/\/www.frelimo.org.mz\/index.php?rest_route=%2Fwp%2Fv2%2Fcategories&post=1623"},{"taxonomy":"post_tag","embeddable":true,"href":"https:\/\/www.frelimo.org.mz\/index.php?rest_route=%2Fwp%2Fv2%2Ftags&post=1623"}],"curies":[{"name":"wp","href":"https:\/\/api.w.org\/{rel}","templated":true}]}}