{"id":1619,"date":"2016-11-18T09:44:42","date_gmt":"2016-11-18T09:44:42","guid":{"rendered":"https:\/\/www.frelimo.org.mz\/?p=1619"},"modified":"2016-11-18T09:44:42","modified_gmt":"2016-11-18T09:44:42","slug":"comunicado-do-conselho-de-ministros","status":"publish","type":"post","link":"https:\/\/www.frelimo.org.mz\/?p=1619","title":{"rendered":"COMUNICADO DO CONSELHO DE MINISTROS"},"content":{"rendered":"<p style=\"margin: 0px 0px 6px; font-family: Helvetica, Arial, sans-serif; color: #1d2129; font-size: 14px;\">O Presidente da Rep\u00fablica, Filipe Jacinto Nyusi convocou para esta manh\u00e3 uma sess\u00e3o extraordin\u00e1ria do Conselho de Ministros.<\/p>\n<p><!--more--><\/p>\n<p style=\"margin: 0px 0px 6px; font-family: Helvetica, Arial, sans-serif; color: #1d2129; font-size: 14px;\">&nbsp;<\/p>\n<p style=\"margin: 6px 0px; font-family: Helvetica, Arial, sans-serif; color: #1d2129; font-size: 14px;\">A decis\u00e3o do Chefe do Estado surge na sequ\u00eancia do incidente registado na tarde de ontem na Localidade de Caphiridzange, no distrito de Moatize, Prov\u00edncia de Tete, onde um cami\u00e3o-taque com combust\u00edvel explodiu e matou 51 pessoas, tendo sofrido queimaduras mais de 100 pessoas entre adultos e crian\u00e7as.<\/p>\n<p style=\"margin: 6px 0px; font-family: Helvetica, Arial, sans-serif; color: #1d2129; font-size: 14px;\">Recordar que noite de ontem foi criada uma equipa de trabalho que segue hoje para a Prov\u00edncia de Tete, chefiada pela Ministra da Administra\u00e7\u00e3o Estatal e Fun\u00e7\u00e3o P\u00fablica, Carmelita Namashulua integra o Ministro dos Tranportes e Comunica\u00e7\u00f5es, Carlos Mesquista, o Vice-Ministro da Sa\u00fade, Mouzinho Sa\u00edde e o Director do Institutito Nacional de Gest\u00e3o de Calamidades, Osvaldo Machatine.<\/p>\n<p style=\"margin: 6px 0px; font-family: Helvetica, Arial, sans-serif; color: #1d2129; font-size: 14px;\">A equipa do Governo Central vai juntar-se aos esfor\u00e7os do Governo da Prov\u00edncia de Tete no apoio aos envolvidos no incidente da explos\u00e3o do cami\u00e3o-taque que transportava combust\u00edvel.<\/p>\n<p style=\"margin: 6px 0px; font-family: Helvetica, Arial, sans-serif; color: #1d2129; font-size: 14px;\">Maputo, 18 de Novembro de 2016<\/p>\n","protected":false},"excerpt":{"rendered":"<p>O Presidente da Rep\u00fablica, Filipe Jacinto Nyusi convocou para esta manh\u00e3 uma sess\u00e3o extraordin\u00e1ria do Conselho de Ministros. &nbsp; A decis\u00e3o do Chefe do Estado surge na sequ\u00eancia do incidente registado na tarde de ontem na Localidade de Caphiridzange, no distrito de Moatize, Prov\u00edncia de Tete, onde um cami\u00e3o-taque com combust\u00edvel explodiu e matou 51 &hellip;<\/p>\n","protected":false},"author":1,"featured_media":0,"comment_status":"open","ping_status":"open","sticky":false,"template":"","format":"standard","meta":{"_jetpack_memberships_contains_paid_content":false,"footnotes":""},"categories":[4],"tags":[],"class_list":["post-1619","post","type-post","status-publish","format-standard","hentry","category-outras"],"jetpack_featured_media_url":"","jetpack_sharing_enabled":true,"_links":{"self":[{"href":"https:\/\/www.frelimo.org.mz\/index.php?rest_route=\/wp\/v2\/posts\/1619","targetHints":{"allow":["GET"]}}],"collection":[{"href":"https:\/\/www.frelimo.org.mz\/index.php?rest_route=\/wp\/v2\/posts"}],"about":[{"href":"https:\/\/www.frelimo.org.mz\/index.php?rest_route=\/wp\/v2\/types\/post"}],"author":[{"embeddable":true,"href":"https:\/\/www.frelimo.org.mz\/index.php?rest_route=\/wp\/v2\/users\/1"}],"replies":[{"embeddable":true,"href":"https:\/\/www.frelimo.org.mz\/index.php?rest_route=%2Fwp%2Fv2%2Fcomments&post=1619"}],"version-history":[{"count":0,"href":"https:\/\/www.frelimo.org.mz\/index.php?rest_route=\/wp\/v2\/posts\/1619\/revisions"}],"wp:attachment":[{"href":"https:\/\/www.frelimo.org.mz\/index.php?rest_route=%2Fwp%2Fv2%2Fmedia&parent=1619"}],"wp:term":[{"taxonomy":"category","embeddable":true,"href":"https:\/\/www.frelimo.org.mz\/index.php?rest_route=%2Fwp%2Fv2%2Fcategories&post=1619"},{"taxonomy":"post_tag","embeddable":true,"href":"https:\/\/www.frelimo.org.mz\/index.php?rest_route=%2Fwp%2Fv2%2Ftags&post=1619"}],"curies":[{"name":"wp","href":"https:\/\/api.w.org\/{rel}","templated":true}]}}