{"id":1600,"date":"2016-11-03T19:17:29","date_gmt":"2016-11-03T19:17:29","guid":{"rendered":"https:\/\/www.frelimo.org.mz\/?p=1600"},"modified":"2016-11-03T19:17:29","modified_gmt":"2016-11-03T19:17:29","slug":"finalmente-o-comboio-voltou-para-lichinga","status":"publish","type":"post","link":"https:\/\/www.frelimo.org.mz\/?p=1600","title":{"rendered":"FINALMENTE, O COMBOIO VOLTOU PARA LICHINGA!"},"content":{"rendered":"<p style=\"margin: 1em 0px; font-family: Helvetica, Arial, sans-serif; color: #666666; font-size: 12px;\">O presidente da Rep\u00fablica, Filipe Nyusi, inaugurou, hoje quinta-feira, a linha f\u00e9rrea Cuamba-Lichinga, com uma exte<span class=\"text_exposed_show\" style=\"display: inline; font-family: inherit;\">ns\u00e3o de 272 quil\u00f3metros, que vai ligar as duas maiores cidades da nossa prov\u00edncia.<\/span><\/p>\n<p><!--more--><\/p>\n<p style=\"margin: 1em 0px; font-family: Helvetica, Arial, sans-serif; color: #666666; font-size: 12px;\"><span class=\"text_exposed_show\" style=\"display: inline; font-family: inherit;\"><\/span><\/p>\n<div class=\"text_exposed_show\" style=\"display: inline; font-family: Helvetica, Arial, sans-serif; color: #666666; font-size: 12px;\">\n<p style=\"margin: 1em 0px; font-family: inherit;\">Com a inaugura\u00e7\u00e3o da linha, a viagem de Cuamba a Lichinga vai passar a durar seis horas, contra os tr\u00eas dias anteriores, facto que agravava durante o per\u00edodo chuvoso quando o comboio durava tr\u00eas semana para chegar em Lichinga.<\/p>\n<p style=\"margin: 1em 0px; font-family: inherit;\">Filipe Nyusi mencionou as vantagens econ\u00f3micas que a linha vai trazer para a prov\u00edncia e prometeu que em breve come\u00e7ar\u00e3o igualmente, os trabalhos de reabilita\u00e7\u00e3o da Estrada Lichinga \u00e0 Cuamba. Segundo fontes da empresa Corredor de Desenvolvimento do Norte, Lichinga passar\u00e1 a receber dois comboios, um de mercadorias e outro de passageiro, que come\u00e7am a operar na primeira semana de Dezembro, pelo menos 3 vezes em cada 7 dias.<\/p>\n<\/div>\n","protected":false},"excerpt":{"rendered":"<p>O presidente da Rep\u00fablica, Filipe Nyusi, inaugurou, hoje quinta-feira, a linha f\u00e9rrea Cuamba-Lichinga, com uma extens\u00e3o de 272 quil\u00f3metros, que vai ligar as duas maiores cidades da nossa prov\u00edncia. Com a inaugura\u00e7\u00e3o da linha, a viagem de Cuamba a Lichinga vai passar a durar seis horas, contra os tr\u00eas dias anteriores, facto que agravava durante &hellip;<\/p>\n","protected":false},"author":1,"featured_media":0,"comment_status":"open","ping_status":"open","sticky":false,"template":"","format":"standard","meta":{"_jetpack_memberships_contains_paid_content":false,"footnotes":""},"categories":[4],"tags":[],"class_list":["post-1600","post","type-post","status-publish","format-standard","hentry","category-outras"],"jetpack_featured_media_url":"","jetpack_sharing_enabled":true,"_links":{"self":[{"href":"https:\/\/www.frelimo.org.mz\/index.php?rest_route=\/wp\/v2\/posts\/1600","targetHints":{"allow":["GET"]}}],"collection":[{"href":"https:\/\/www.frelimo.org.mz\/index.php?rest_route=\/wp\/v2\/posts"}],"about":[{"href":"https:\/\/www.frelimo.org.mz\/index.php?rest_route=\/wp\/v2\/types\/post"}],"author":[{"embeddable":true,"href":"https:\/\/www.frelimo.org.mz\/index.php?rest_route=\/wp\/v2\/users\/1"}],"replies":[{"embeddable":true,"href":"https:\/\/www.frelimo.org.mz\/index.php?rest_route=%2Fwp%2Fv2%2Fcomments&post=1600"}],"version-history":[{"count":0,"href":"https:\/\/www.frelimo.org.mz\/index.php?rest_route=\/wp\/v2\/posts\/1600\/revisions"}],"wp:attachment":[{"href":"https:\/\/www.frelimo.org.mz\/index.php?rest_route=%2Fwp%2Fv2%2Fmedia&parent=1600"}],"wp:term":[{"taxonomy":"category","embeddable":true,"href":"https:\/\/www.frelimo.org.mz\/index.php?rest_route=%2Fwp%2Fv2%2Fcategories&post=1600"},{"taxonomy":"post_tag","embeddable":true,"href":"https:\/\/www.frelimo.org.mz\/index.php?rest_route=%2Fwp%2Fv2%2Ftags&post=1600"}],"curies":[{"name":"wp","href":"https:\/\/api.w.org\/{rel}","templated":true}]}}