{"id":1599,"date":"2016-11-03T14:12:33","date_gmt":"2016-11-03T14:12:33","guid":{"rendered":"https:\/\/www.frelimo.org.mz\/?p=1599"},"modified":"2016-11-03T14:12:33","modified_gmt":"2016-11-03T14:12:33","slug":"frelimo-repudia-violencia-e-deplora-assassinatos-de-lideres-locais","status":"publish","type":"post","link":"https:\/\/www.frelimo.org.mz\/?p=1599","title":{"rendered":"FRELIMO REPUDIA VIOL\u00caNCIA E DEPLORA ASSASSINATOS DE L\u00cdDERES LOCAIS"},"content":{"rendered":"<p style=\"margin: 6px 0px; font-family: Helvetica, Arial, sans-serif; color: #1d2129; font-size: 14px;\">A Comiss\u00e3o Pol\u00edtica do partido Frelimo repudia todo o tipo de viol\u00eancia e deplora os assassinatos dos \u00faltimos dias, que t\u00eam como v\u00edtimas as lideran\u00e7as locais a v\u00e1rios n\u00edveis.<\/p>\n<p><!--more--><\/p>\n<p style=\"margin: 6px 0px; font-family: Helvetica, Arial, sans-serif; color: #1d2129; font-size: 14px;\">&nbsp;<\/p>\n<p style=\"margin: 6px 0px; font-family: Helvetica, Arial, sans-serif; color: #1d2129; font-size: 14px;\">Aquele \u00f3rg\u00e3o do Partido defende a interven\u00e7\u00e3o das institui\u00e7\u00f5es da Justi\u00e7a na investiga\u00e7\u00e3o, esclarecimento e responsabiliza\u00e7\u00e3o criminal dos autores dos assassinatos.<\/p>\n<div class=\"text_exposed_show\" style=\"display: inline; font-family: Helvetica, Arial, sans-serif; color: #1d2129; font-size: 14px;\">\n<p style=\"margin: 0px 0px 6px; font-family: inherit;\">A comiss\u00e3o Pol\u00edtica da Frelimo avaliou positivamente o trabalho das brigadas que lan\u00e7aram nas prov\u00edncias o estudo das teses para o Congresso desta forma\u00e7\u00e3o pol\u00edtica, a ter lugar no pr\u00f3ximo ano, na Matola, prov\u00edncia de Maputo.<\/p>\n<\/div>\n","protected":false},"excerpt":{"rendered":"<p>A Comiss\u00e3o Pol\u00edtica do partido Frelimo repudia todo o tipo de viol\u00eancia e deplora os assassinatos dos \u00faltimos dias, que t\u00eam como v\u00edtimas as lideran\u00e7as locais a v\u00e1rios n\u00edveis. &nbsp; Aquele \u00f3rg\u00e3o do Partido defende a interven\u00e7\u00e3o das institui\u00e7\u00f5es da Justi\u00e7a na investiga\u00e7\u00e3o, esclarecimento e responsabiliza\u00e7\u00e3o criminal dos autores dos assassinatos. A comiss\u00e3o Pol\u00edtica da &hellip;<\/p>\n","protected":false},"author":1,"featured_media":0,"comment_status":"open","ping_status":"open","sticky":false,"template":"","format":"standard","meta":{"_jetpack_memberships_contains_paid_content":false,"footnotes":""},"categories":[4],"tags":[],"class_list":["post-1599","post","type-post","status-publish","format-standard","hentry","category-outras"],"jetpack_featured_media_url":"","jetpack_sharing_enabled":true,"_links":{"self":[{"href":"https:\/\/www.frelimo.org.mz\/index.php?rest_route=\/wp\/v2\/posts\/1599","targetHints":{"allow":["GET"]}}],"collection":[{"href":"https:\/\/www.frelimo.org.mz\/index.php?rest_route=\/wp\/v2\/posts"}],"about":[{"href":"https:\/\/www.frelimo.org.mz\/index.php?rest_route=\/wp\/v2\/types\/post"}],"author":[{"embeddable":true,"href":"https:\/\/www.frelimo.org.mz\/index.php?rest_route=\/wp\/v2\/users\/1"}],"replies":[{"embeddable":true,"href":"https:\/\/www.frelimo.org.mz\/index.php?rest_route=%2Fwp%2Fv2%2Fcomments&post=1599"}],"version-history":[{"count":0,"href":"https:\/\/www.frelimo.org.mz\/index.php?rest_route=\/wp\/v2\/posts\/1599\/revisions"}],"wp:attachment":[{"href":"https:\/\/www.frelimo.org.mz\/index.php?rest_route=%2Fwp%2Fv2%2Fmedia&parent=1599"}],"wp:term":[{"taxonomy":"category","embeddable":true,"href":"https:\/\/www.frelimo.org.mz\/index.php?rest_route=%2Fwp%2Fv2%2Fcategories&post=1599"},{"taxonomy":"post_tag","embeddable":true,"href":"https:\/\/www.frelimo.org.mz\/index.php?rest_route=%2Fwp%2Fv2%2Ftags&post=1599"}],"curies":[{"name":"wp","href":"https:\/\/api.w.org\/{rel}","templated":true}]}}