{"id":1590,"date":"2016-10-31T17:18:09","date_gmt":"2016-10-31T17:18:09","guid":{"rendered":"https:\/\/www.frelimo.org.mz\/?p=1590"},"modified":"2016-10-31T17:18:09","modified_gmt":"2016-10-31T17:18:09","slug":"cancro-da-mama-mulheres-chamadas-isaura-nyusi-a-fazerem-auto-exame","status":"publish","type":"post","link":"https:\/\/www.frelimo.org.mz\/?p=1590","title":{"rendered":"Cancro da Mama: Mulheres Chamadas por Isaura Nyusi a fazerem Auto-Exame"},"content":{"rendered":"<p style=\"color: #222222; font-family: arial, sans-serif; font-size: 12.8px; margin: 0px 0px 13px; text-align: justify;\"><span style=\"margin: 0px; line-height: 18.4px; font-family: tahoma, sans-serif; font-size: 12pt;\"><span style=\"color: #000000;\">A esposa do Presidente da Rep\u00fablica, Isaura Nyusi, advertiu este s\u00e1bado, \u00e0s mulheres mo\u00e7ambicanas a fazerem o auto-exame do cancro da mama, como forma de se precaverem desta epidemia que mata 54 em cada 100 mulheres<\/span><\/span><\/p>\n<p><!--more--><\/p>\n<p style=\"color: #222222; font-family: arial, sans-serif; font-size: 12.8px; margin: 0px 0px 13px; text-align: justify;\"><span style=\"margin: 0px; line-height: 18.4px; font-family: tahoma, sans-serif; font-size: 12pt;\"><span style=\"color: #000000;\">diagnosticadas no pa\u00eds.<\/span><\/span><\/p>\n<p style=\"color: #222222; font-family: arial, sans-serif; font-size: 12.8px; margin: 0px 0px 13px; text-align: justify;\"><span style=\"margin: 0px; line-height: 18.4px; font-family: tahoma, sans-serif; font-size: 12pt;\"><span style=\"color: #000000;\">Isaura Nyusi falava este s\u00e1bado, em Maputo, durante a cerim\u00f3nia de lan\u00e7amento da iniciativa \u201cCh\u00e1 Beneficente &#8211; Outubro Rosa\u201d cujo objectivo \u00e9 apelar \u00e0s mulheres a se precaverem do cancro, fazendo o auto-exame e tratamento em caso de doen\u00e7a.<\/span><\/span><\/p>\n<p style=\"color: #222222; font-family: arial, sans-serif; font-size: 12.8px; margin: 0px 0px 13px; text-align: justify;\"><span style=\"margin: 0px; line-height: 18.4px; font-family: tahoma, sans-serif; font-size: 12pt;\"><span style=\"color: #000000;\">\u201c\u00c9 importante que toda a mulher, independentemente da sua idade, religi\u00e3o, costumes, saiba fazer o auto-exame\u201d, referiu<\/span><\/span><\/p>\n","protected":false},"excerpt":{"rendered":"<p>A esposa do Presidente da Rep\u00fablica, Isaura Nyusi, advertiu este s\u00e1bado, \u00e0s mulheres mo\u00e7ambicanas a fazerem o auto-exame do cancro da mama, como forma de se precaverem desta epidemia que mata 54 em cada 100 mulheres diagnosticadas no pa\u00eds. Isaura Nyusi falava este s\u00e1bado, em Maputo, durante a cerim\u00f3nia de lan\u00e7amento da iniciativa \u201cCh\u00e1 Beneficente &hellip;<\/p>\n","protected":false},"author":1,"featured_media":0,"comment_status":"open","ping_status":"open","sticky":false,"template":"","format":"standard","meta":{"_jetpack_memberships_contains_paid_content":false,"footnotes":""},"categories":[4],"tags":[],"class_list":["post-1590","post","type-post","status-publish","format-standard","hentry","category-outras"],"jetpack_featured_media_url":"","jetpack_sharing_enabled":true,"_links":{"self":[{"href":"https:\/\/www.frelimo.org.mz\/index.php?rest_route=\/wp\/v2\/posts\/1590","targetHints":{"allow":["GET"]}}],"collection":[{"href":"https:\/\/www.frelimo.org.mz\/index.php?rest_route=\/wp\/v2\/posts"}],"about":[{"href":"https:\/\/www.frelimo.org.mz\/index.php?rest_route=\/wp\/v2\/types\/post"}],"author":[{"embeddable":true,"href":"https:\/\/www.frelimo.org.mz\/index.php?rest_route=\/wp\/v2\/users\/1"}],"replies":[{"embeddable":true,"href":"https:\/\/www.frelimo.org.mz\/index.php?rest_route=%2Fwp%2Fv2%2Fcomments&post=1590"}],"version-history":[{"count":0,"href":"https:\/\/www.frelimo.org.mz\/index.php?rest_route=\/wp\/v2\/posts\/1590\/revisions"}],"wp:attachment":[{"href":"https:\/\/www.frelimo.org.mz\/index.php?rest_route=%2Fwp%2Fv2%2Fmedia&parent=1590"}],"wp:term":[{"taxonomy":"category","embeddable":true,"href":"https:\/\/www.frelimo.org.mz\/index.php?rest_route=%2Fwp%2Fv2%2Fcategories&post=1590"},{"taxonomy":"post_tag","embeddable":true,"href":"https:\/\/www.frelimo.org.mz\/index.php?rest_route=%2Fwp%2Fv2%2Ftags&post=1590"}],"curies":[{"name":"wp","href":"https:\/\/api.w.org\/{rel}","templated":true}]}}