{"id":1586,"date":"2016-10-28T16:35:35","date_gmt":"2016-10-28T16:35:35","guid":{"rendered":"https:\/\/www.frelimo.org.mz\/?p=1586"},"modified":"2016-10-28T16:35:35","modified_gmt":"2016-10-28T16:35:35","slug":"pr-filipe-nyusi-lanca-hoje-a-campanha-agraria-2016-2017","status":"publish","type":"post","link":"https:\/\/www.frelimo.org.mz\/?p=1586","title":{"rendered":"PR FILIPE NYUSI LAN\u00c7A HOJE A CAMPANHA AGR\u00c1RIA 2016\/ 2017"},"content":{"rendered":"<p style=\"color: #222222; font-family: arial, sans-serif; font-size: 12.8px; margin: 6pt 0in; text-align: justify; vertical-align: baseline;\"><span style=\"font-size: 11pt; font-family: calibri, sans-serif;\" lang=\"PT\">Sob o lema \u201cProdu\u00e7\u00e3o e produtividade agr\u00e1ria, competitividade, seguran\u00e7a alimentar e nutricional\u201d, o Presidente da Rep\u00fablica, Filipe Nyusi, orienta hoje a cerim\u00f3nia oficial de lan\u00e7amento da campanha agr\u00e1ria 2016\/ 2017, no distrito de Mopeia, prov\u00edncia<\/span><\/p>\n<p><!--more--><\/p>\n<p style=\"color: #222222; font-family: arial, sans-serif; font-size: 12.8px; margin: 6pt 0in; text-align: justify; vertical-align: baseline;\"><span style=\"font-size: 11pt; font-family: calibri, sans-serif;\" lang=\"PT\">da Zamb\u00e9zia.<\/span><\/p>\n<p style=\"color: #222222; font-family: arial, sans-serif; font-size: 12.8px; margin: 6pt 0in; text-align: justify; vertical-align: baseline; outline: 0px;\"><span style=\"font-size: 11pt; font-family: calibri, sans-serif;\" lang=\"PT\">Na pr\u00f3xima campanha, o Minist\u00e9rio da Agricultura e Seguran\u00e7a Alimentar pretende incrementar a produ\u00e7\u00e3o de v\u00e1rias culturas, com destaque para o arroz, milho e leguminosas. \u00c9 neste contexto que, por exemplo, na prov\u00edncia da Zamb\u00e9zia, est\u00e3o em reabilita\u00e7\u00e3o alguns regadios para que os agricultores trabalhem sem constrangimentos em per\u00edodos de estiagem.<\/span><\/p>\n<p style=\"color: #222222; font-family: arial, sans-serif; font-size: 12.8px; margin: 6pt 0in; text-align: justify; vertical-align: baseline;\"><span style=\"font-size: 11pt; font-family: calibri, sans-serif;\" lang=\"PT\">No ano passado, devido a estiagem e a seca, a produ\u00e7\u00e3o de arroz no pa\u00eds situou-se em trezentas e trinta mil toneladas, menos de metade em rela\u00e7\u00e3o as necessidades internas de consumo.<\/span><\/p>\n","protected":false},"excerpt":{"rendered":"<p>Sob o lema \u201cProdu\u00e7\u00e3o e produtividade agr\u00e1ria, competitividade, seguran\u00e7a alimentar e nutricional\u201d, o Presidente da Rep\u00fablica, Filipe Nyusi, orienta hoje a cerim\u00f3nia oficial de lan\u00e7amento da campanha agr\u00e1ria 2016\/ 2017, no distrito de Mopeia, prov\u00edncia da Zamb\u00e9zia. Na pr\u00f3xima campanha, o Minist\u00e9rio da Agricultura e Seguran\u00e7a Alimentar pretende incrementar a produ\u00e7\u00e3o de v\u00e1rias culturas, com &hellip;<\/p>\n","protected":false},"author":1,"featured_media":0,"comment_status":"open","ping_status":"open","sticky":false,"template":"","format":"standard","meta":{"_jetpack_memberships_contains_paid_content":false,"footnotes":""},"categories":[4],"tags":[],"class_list":["post-1586","post","type-post","status-publish","format-standard","hentry","category-outras"],"jetpack_featured_media_url":"","jetpack_sharing_enabled":true,"_links":{"self":[{"href":"https:\/\/www.frelimo.org.mz\/index.php?rest_route=\/wp\/v2\/posts\/1586","targetHints":{"allow":["GET"]}}],"collection":[{"href":"https:\/\/www.frelimo.org.mz\/index.php?rest_route=\/wp\/v2\/posts"}],"about":[{"href":"https:\/\/www.frelimo.org.mz\/index.php?rest_route=\/wp\/v2\/types\/post"}],"author":[{"embeddable":true,"href":"https:\/\/www.frelimo.org.mz\/index.php?rest_route=\/wp\/v2\/users\/1"}],"replies":[{"embeddable":true,"href":"https:\/\/www.frelimo.org.mz\/index.php?rest_route=%2Fwp%2Fv2%2Fcomments&post=1586"}],"version-history":[{"count":0,"href":"https:\/\/www.frelimo.org.mz\/index.php?rest_route=\/wp\/v2\/posts\/1586\/revisions"}],"wp:attachment":[{"href":"https:\/\/www.frelimo.org.mz\/index.php?rest_route=%2Fwp%2Fv2%2Fmedia&parent=1586"}],"wp:term":[{"taxonomy":"category","embeddable":true,"href":"https:\/\/www.frelimo.org.mz\/index.php?rest_route=%2Fwp%2Fv2%2Fcategories&post=1586"},{"taxonomy":"post_tag","embeddable":true,"href":"https:\/\/www.frelimo.org.mz\/index.php?rest_route=%2Fwp%2Fv2%2Ftags&post=1586"}],"curies":[{"name":"wp","href":"https:\/\/api.w.org\/{rel}","templated":true}]}}