{"id":1578,"date":"2016-10-25T11:59:30","date_gmt":"2016-10-25T11:59:30","guid":{"rendered":"https:\/\/www.frelimo.org.mz\/?p=1578"},"modified":"2016-10-25T11:59:30","modified_gmt":"2016-10-25T11:59:30","slug":"talapa-apela-humildade-abertura-e-frontalidade-aos-militantes-da-frelimo","status":"publish","type":"post","link":"https:\/\/www.frelimo.org.mz\/?p=1578","title":{"rendered":"TALAPA APELA HUMILDADE, ABERTURA E FRONTALIDADE AOS MILITANTES DA FRELIMO"},"content":{"rendered":"<p style=\"margin: 0px; text-align: justify; font-size: 10.5px; line-height: normal; font-family: 'Times New Roman';\">A Chefe da brigada central da Frelimo e membro da Comiss\u00e3o Pol\u00edtica apelou aos militantes do partido em KaMubukwana a pautarem pela humildade, abertura e frontalidade nos assuntos candentes que tocam com a vida da popula\u00e7\u00e3o de Maputo. Margarida Talapa falava num semin\u00e1rio de capacita\u00e7\u00e3o dos militantes da base do partido sobre o estudo das teses do 11\u00b0 Congresso e directivas das elei\u00e7\u00f5es internas aprovadas em sede da III Sess\u00e3o Extraordin\u00e1ria do Comit\u00e9 Central da Frelimo.<\/p>\n<p style=\"margin: 0px; text-align: justify; font-size: 10.5px; line-height: normal; font-family: 'Times New Roman';\">&nbsp;<\/p>\n<p style=\"margin: 0px; text-align: justify; font-size: 10.5px; line-height: normal; font-family: 'Times New Roman';\">&#8220;Desta vez viemos lan\u00e7ar o projecto do estudo das teses ao 11\u00b0 Congresso que foram resultado das contribui\u00e7\u00f5es vindas dos camaradas de todos cantos do Pa\u00eds. Devemos transformar o processo de estudo das teses que vamos come\u00e7ar no dia 23 deste m\u00eas como um momento de festa. Este \u00e9 o momento que devemos ser mais unidos, mais coesos, e estarmos todos em volta do nosso Presidente Nyusi e do nosso Munic\u00edpio&#8221;, sublinhou a chefe da Brigada Central e membro da Comiss\u00e3o Pol\u00edtica da Frelimo.<\/p>\n<p style=\"margin: 0px; text-align: justify; font-size: 10.5px; line-height: normal; font-family: 'Times New Roman';\">&nbsp;<\/p>\n<p style=\"margin: 0px; text-align: justify; font-size: 10.5px; line-height: normal; font-family: 'Times New Roman';\">Ainda na sua interven\u00e7\u00e3o, Talapa saudou o informe exaustivo que retrata as actividades desenvolvidas naquele distrito. O informe traz, segundo a Chefe da Brigada Central, aspectos que reflectem as ac\u00e7\u00f5es do partido ao n\u00edvel da base, assim como enfatizou que esta \u00e9 a Frelimo de Mondlane, de Samora, Chissano, Guebuza e hoje de Nyusi.<\/p>\n<p style=\"margin: 0px; text-align: justify; font-size: 10.5px; line-height: normal; font-family: 'Times New Roman';\">&nbsp;<\/p>\n<p style=\"margin: 0px; text-align: justify; font-size: 10.5px; line-height: normal; font-family: 'Times New Roman';\">Num outro desenvolvimento, a Chefe da Brigada Central de assist\u00eancia \u00e0 cidade de Maputo e membro da Comiss\u00e3o Pol\u00edtica da Frelimo explicou que as cinco teses aprovadas aparecem num momento pr\u00f3prio, onde todos sabeis que a conjuntura internacional n\u00e3o est\u00e1 a favor de n\u00f3s. Devemos, segundo Talapa, explicar ao Povo que n\u00e3o \u00e9 apenas em Mo\u00e7ambique e nem a cidade de Maputo, esta \u00e9 uma situa\u00e7\u00e3o mundial. Exemplo de Portugal e Alemanha onde temos c\u00edrculos eleitorais, l\u00e1 a situa\u00e7\u00e3o \u00e9 semelhante e pior que Mo\u00e7ambique.<\/p>\n<p style=\"margin: 0px; text-align: justify; font-size: 10.5px; line-height: normal; font-family: 'Times New Roman';\">&nbsp;<\/p>\n<p style=\"margin: 0px; text-align: justify; font-size: 10.5px; line-height: normal; font-family: 'Times New Roman';\">Por seu turno, a Chefe da Brigada Central, Margarida Talapa, sublinhou que o grande problema em Mo\u00e7ambique n\u00e3o \u00e9 a d\u00edvida p\u00fablica, \u00e9 sim o conflito politico-militar protagonizado pela Renamo e seu l\u00edder. Eles \u00e9 que s\u00e3o respons\u00e1veis destes desmandos. A popula\u00e7\u00e3o nos distritos j\u00e1 n\u00e3o produz porque a Renamo e Dhlakama queimam comboios, carros e destroem infraestruturas sociais e estradas tornando imposs\u00edvel o escoamento de produtos para os mercados abastecer a popula\u00e7\u00e3o.<\/p>\n<p style=\"margin: 0px; text-align: justify; font-size: 10.5px; line-height: normal; font-family: 'Times New Roman';\">&nbsp;<\/p>\n<p style=\"margin: 0px; text-align: justify; font-size: 10.5px; line-height: normal; font-family: 'Times New Roman';\">&#8220;A Frelimo n\u00e3o tem armas, \u00e9 apenas um partido pol\u00edtico e o Estado \u00e9 uma coisa diferente do partido. As For\u00e7as de Defesa e Seguran\u00e7a pertencem ao Estado e s\u00e3o as \u00fanicas com direito assistido por lei de portar armas de fogo e n\u00e3o a Frelimo. Isso tem que ficar claro&#8221;, esclareceu Talapa, enfatizando que todos dias os militantes devem praticar ac\u00e7\u00f5es que fomentem a Paz que \u00e9 para poderem apoiar os esfor\u00e7os do Presidente Filipe Nyusi na busca da reconcilia\u00e7\u00e3o nacional, privilegiando o di\u00e1logo como grande mecanismo para o alcance do entendimento m\u00fatuo entre mo\u00e7ambicanos.<\/p>\n","protected":false},"excerpt":{"rendered":"<p>A Chefe da brigada central da Frelimo e membro da Comiss\u00e3o Pol\u00edtica apelou aos militantes do partido em KaMubukwana a pautarem pela humildade, abertura e frontalidade nos assuntos candentes que tocam com a vida da popula\u00e7\u00e3o de Maputo. Margarida Talapa falava num semin\u00e1rio de capacita\u00e7\u00e3o dos militantes da base do partido sobre o estudo das &hellip;<\/p>\n","protected":false},"author":1,"featured_media":0,"comment_status":"open","ping_status":"open","sticky":false,"template":"","format":"standard","meta":{"_jetpack_memberships_contains_paid_content":false,"footnotes":""},"categories":[4],"tags":[],"class_list":["post-1578","post","type-post","status-publish","format-standard","hentry","category-outras"],"jetpack_featured_media_url":"","jetpack_sharing_enabled":true,"_links":{"self":[{"href":"https:\/\/www.frelimo.org.mz\/index.php?rest_route=\/wp\/v2\/posts\/1578","targetHints":{"allow":["GET"]}}],"collection":[{"href":"https:\/\/www.frelimo.org.mz\/index.php?rest_route=\/wp\/v2\/posts"}],"about":[{"href":"https:\/\/www.frelimo.org.mz\/index.php?rest_route=\/wp\/v2\/types\/post"}],"author":[{"embeddable":true,"href":"https:\/\/www.frelimo.org.mz\/index.php?rest_route=\/wp\/v2\/users\/1"}],"replies":[{"embeddable":true,"href":"https:\/\/www.frelimo.org.mz\/index.php?rest_route=%2Fwp%2Fv2%2Fcomments&post=1578"}],"version-history":[{"count":0,"href":"https:\/\/www.frelimo.org.mz\/index.php?rest_route=\/wp\/v2\/posts\/1578\/revisions"}],"wp:attachment":[{"href":"https:\/\/www.frelimo.org.mz\/index.php?rest_route=%2Fwp%2Fv2%2Fmedia&parent=1578"}],"wp:term":[{"taxonomy":"category","embeddable":true,"href":"https:\/\/www.frelimo.org.mz\/index.php?rest_route=%2Fwp%2Fv2%2Fcategories&post=1578"},{"taxonomy":"post_tag","embeddable":true,"href":"https:\/\/www.frelimo.org.mz\/index.php?rest_route=%2Fwp%2Fv2%2Ftags&post=1578"}],"curies":[{"name":"wp","href":"https:\/\/api.w.org\/{rel}","templated":true}]}}