{"id":1573,"date":"2016-10-23T12:45:36","date_gmt":"2016-10-23T12:45:36","guid":{"rendered":"https:\/\/www.frelimo.org.mz\/?p=1573"},"modified":"2016-10-23T12:45:36","modified_gmt":"2016-10-23T12:45:36","slug":"aumenta-acesso-a-justica-em-mocambique-pr","status":"publish","type":"post","link":"https:\/\/www.frelimo.org.mz\/?p=1573","title":{"rendered":"Aumenta acesso a justi\u00e7a em Mo\u00e7ambique &#8211; PR"},"content":{"rendered":"<p><span style=\"color: #1d2129; font-family: helvetica, arial, sans-serif; font-size: 14px;\">O Presidente da Rep\u00fablica, Filipe Nyusi, apontou o aumento de institui\u00e7\u00f5es de administra\u00e7\u00e3o de justi\u00e7a como medida que visa n\u00e3o, apenas, melhorar o seu n\u00edvel de desempenho, mas tamb\u00e9m encurtar a dist\u00e2ncia que o cidad\u00e3o tem de<\/span><\/p>\n<p><!--more--><\/p>\n<p><span style=\"color: #1d2129; font-family: helvetica, arial, sans-serif; font-size: 14px;\">percorrer para denunciar os v\u00e1rios actos que geram nele um sentimento de inconforma\u00e7\u00e3o e injusti\u00e7a. O Chefe de Estado, fez a afirma\u00e7\u00e3o na cerim\u00f3nia de inaugura\u00e7\u00e3o, na sexta-f<\/span><span class=\"text_exposed_show\" style=\"display: inline; font-family: helvetica, arial, sans-serif; color: #1d2129; font-size: 14px;\">eira. Filipe Nyusi inaugurava, assim, as novas instala\u00e7\u00f5es da Procuradoria Provincial da Rep\u00fablica, a n\u00edvel de Cabo Delgado, onde efectua uma visita de trabalho. \u201cQuando aumentamos o n\u00famero de institui\u00e7\u00f5es de administra\u00e7\u00e3o de justi\u00e7a, queremos assegurar uma maior celeridade processual, prestar um servi\u00e7o de melhor qualidade e criar condi\u00e7\u00f5es para que o cidad\u00e3o possa denunciar todas as pr\u00e1ticas que violam a lei\u201d, disse o Presidente.<br \/><\/span><\/p>\n","protected":false},"excerpt":{"rendered":"<p>O Presidente da Rep\u00fablica, Filipe Nyusi, apontou o aumento de institui\u00e7\u00f5es de administra\u00e7\u00e3o de justi\u00e7a como medida que visa n\u00e3o, apenas, melhorar o seu n\u00edvel de desempenho, mas tamb\u00e9m encurtar a dist\u00e2ncia que o cidad\u00e3o tem de percorrer para denunciar os v\u00e1rios actos que geram nele um sentimento de inconforma\u00e7\u00e3o e injusti\u00e7a. O Chefe de &hellip;<\/p>\n","protected":false},"author":1,"featured_media":0,"comment_status":"open","ping_status":"open","sticky":false,"template":"","format":"standard","meta":{"_jetpack_memberships_contains_paid_content":false,"footnotes":""},"categories":[4],"tags":[],"class_list":["post-1573","post","type-post","status-publish","format-standard","hentry","category-outras"],"jetpack_featured_media_url":"","jetpack_sharing_enabled":true,"_links":{"self":[{"href":"https:\/\/www.frelimo.org.mz\/index.php?rest_route=\/wp\/v2\/posts\/1573","targetHints":{"allow":["GET"]}}],"collection":[{"href":"https:\/\/www.frelimo.org.mz\/index.php?rest_route=\/wp\/v2\/posts"}],"about":[{"href":"https:\/\/www.frelimo.org.mz\/index.php?rest_route=\/wp\/v2\/types\/post"}],"author":[{"embeddable":true,"href":"https:\/\/www.frelimo.org.mz\/index.php?rest_route=\/wp\/v2\/users\/1"}],"replies":[{"embeddable":true,"href":"https:\/\/www.frelimo.org.mz\/index.php?rest_route=%2Fwp%2Fv2%2Fcomments&post=1573"}],"version-history":[{"count":0,"href":"https:\/\/www.frelimo.org.mz\/index.php?rest_route=\/wp\/v2\/posts\/1573\/revisions"}],"wp:attachment":[{"href":"https:\/\/www.frelimo.org.mz\/index.php?rest_route=%2Fwp%2Fv2%2Fmedia&parent=1573"}],"wp:term":[{"taxonomy":"category","embeddable":true,"href":"https:\/\/www.frelimo.org.mz\/index.php?rest_route=%2Fwp%2Fv2%2Fcategories&post=1573"},{"taxonomy":"post_tag","embeddable":true,"href":"https:\/\/www.frelimo.org.mz\/index.php?rest_route=%2Fwp%2Fv2%2Ftags&post=1573"}],"curies":[{"name":"wp","href":"https:\/\/api.w.org\/{rel}","templated":true}]}}