{"id":1572,"date":"2016-10-23T12:41:48","date_gmt":"2016-10-23T12:41:48","guid":{"rendered":"https:\/\/www.frelimo.org.mz\/?p=1572"},"modified":"2016-10-23T12:41:48","modified_gmt":"2016-10-23T12:41:48","slug":"metuge-ja-tem-fabrica-de-producao-de-cimento","status":"publish","type":"post","link":"https:\/\/www.frelimo.org.mz\/?p=1572","title":{"rendered":"Metuge j\u00e1 tem f\u00e1brica de produ\u00e7\u00e3o de cimento"},"content":{"rendered":"<p><span style=\"color: #1d2129; font-family: helvetica, arial, sans-serif; font-size: 14px;\">O Presidente da Rep\u00fablica, Filipe Nyusi, na sexta-feira \u00faltima inaugurou a nova f\u00e1brica de produ\u00e7\u00e3o de cimento. A nova f\u00e1brica est\u00e1 sedeada no Distrito de Metuge, na prov\u00edncia mo\u00e7ambicana de Cabo Delgado, norte do pa\u00eds. A f\u00e1brica \u00e9 resultado de um investimento na ordem de 24 milh\u00f5es de d\u00f3lares americanos. A nova unidade fabril, a primeira de g\u00e9nero a n\u00edvel da prov\u00edncia, \u00e9 fruto de um investimento&nbsp;<\/span><span class=\"text_exposed_show\" style=\"display: inline; font-family: helvetica, arial, sans-serif; color: #1d2129; font-size: 14px;\">chin\u00eas e vai colocar anualmente, no mercado, um volume calculado em 250 mil toneladas do produto.<br \/>Discursando nas instala\u00e7\u00f5es do \u201cmonstro\u201d industrial, o estadista mo\u00e7ambicano disse que &#8220;a nova unidade fabril cristaliza e argumenta, com actos, a vis\u00e3o defendida pelo governo sobre a premente necessidade de diversificar a economia e a produ\u00e7\u00e3o de Cabo Delgado, em particular&#8221;.&nbsp;<\/span><\/p>\n","protected":false},"excerpt":{"rendered":"<p>O Presidente da Rep\u00fablica, Filipe Nyusi, na sexta-feira \u00faltima inaugurou a nova f\u00e1brica de produ\u00e7\u00e3o de cimento. A nova f\u00e1brica est\u00e1 sedeada no Distrito de Metuge, na prov\u00edncia mo\u00e7ambicana de Cabo Delgado, norte do pa\u00eds. A f\u00e1brica \u00e9 resultado de um investimento na ordem de 24 milh\u00f5es de d\u00f3lares americanos. A nova unidade fabril, a &hellip;<\/p>\n","protected":false},"author":1,"featured_media":0,"comment_status":"open","ping_status":"open","sticky":false,"template":"","format":"standard","meta":{"_jetpack_memberships_contains_paid_content":false,"footnotes":""},"categories":[4],"tags":[],"class_list":["post-1572","post","type-post","status-publish","format-standard","hentry","category-outras"],"jetpack_featured_media_url":"","jetpack_sharing_enabled":true,"_links":{"self":[{"href":"https:\/\/www.frelimo.org.mz\/index.php?rest_route=\/wp\/v2\/posts\/1572","targetHints":{"allow":["GET"]}}],"collection":[{"href":"https:\/\/www.frelimo.org.mz\/index.php?rest_route=\/wp\/v2\/posts"}],"about":[{"href":"https:\/\/www.frelimo.org.mz\/index.php?rest_route=\/wp\/v2\/types\/post"}],"author":[{"embeddable":true,"href":"https:\/\/www.frelimo.org.mz\/index.php?rest_route=\/wp\/v2\/users\/1"}],"replies":[{"embeddable":true,"href":"https:\/\/www.frelimo.org.mz\/index.php?rest_route=%2Fwp%2Fv2%2Fcomments&post=1572"}],"version-history":[{"count":0,"href":"https:\/\/www.frelimo.org.mz\/index.php?rest_route=\/wp\/v2\/posts\/1572\/revisions"}],"wp:attachment":[{"href":"https:\/\/www.frelimo.org.mz\/index.php?rest_route=%2Fwp%2Fv2%2Fmedia&parent=1572"}],"wp:term":[{"taxonomy":"category","embeddable":true,"href":"https:\/\/www.frelimo.org.mz\/index.php?rest_route=%2Fwp%2Fv2%2Fcategories&post=1572"},{"taxonomy":"post_tag","embeddable":true,"href":"https:\/\/www.frelimo.org.mz\/index.php?rest_route=%2Fwp%2Fv2%2Ftags&post=1572"}],"curies":[{"name":"wp","href":"https:\/\/api.w.org\/{rel}","templated":true}]}}