{"id":1536,"date":"2016-10-19T01:15:19","date_gmt":"2016-10-19T01:15:19","guid":{"rendered":"https:\/\/www.frelimo.org.mz\/?p=1536"},"modified":"2016-10-19T01:15:19","modified_gmt":"2016-10-19T01:15:19","slug":"pr-nomeia-leticia-da-silva-klemens-para-ministra-dos-recursos-minerais-e-energia","status":"publish","type":"post","link":"https:\/\/www.frelimo.org.mz\/?p=1536","title":{"rendered":"PR nomeia Let\u00edcia da Silva Klemens para Ministra dos Recursos Minerais e Energia"},"content":{"rendered":"<div class=\"rt-grid-6 \" style=\"width: 600px; display: inline; float: left; position: relative; margin: 0px; color: #585858; font-family: edmondsansregular, Geneva, Verdana, Helvetica, Arial, sans-serif; font-size: 14px;\">\n<div class=\"rt-block\" style=\"padding: 15px; margin: 10px; position: relative;\">\n<div id=\"rt-mainbody\">\n<div class=\"component-content\">\n<p style=\"margin: 0px 0px 15px;\"><span style=\"color: #1d2129; font-family: helvetica, arial, sans-serif;\">O Presidente da Rep\u00fablica, Filipe Nyusi, nomeou Let\u00edcia da Silva Klemens, para o<\/span><\/p>\n<p><!--more--><\/p>\n<p style=\"margin: 0px 0px 15px;\"><span style=\"color: #1d2129; font-family: helvetica, arial, sans-serif;\">cargo de Ministra dos Recursos Minerais e Energia. A nomea\u00e7\u00e3o de Let\u00edcia da Silva Klemens surge na sequ\u00eancia da elei\u00e7\u00e3o de Pedro Couto para presid\u00eancia do Conselho de Administra\u00e7\u00e3o da Hidroel\u00e9ctrica de Cahora Bassa. Um comunicado do Gabinete da Presid\u00eancia indica que o Chefe do Estado, Filipe Nyusi, vai, esta ter\u00e7a-feira, conferir posse, a Let\u00edcia Deusina da Silva Klemens.<\/span><\/p>\n<\/div>\n<\/div>\n<\/div>\n<\/div>\n<div class=\"rt-grid-3 \" style=\"width: 300px; display: inline; float: left; position: relative; margin: 0px; color: #585858; font-family: edmondsansregular, Geneva, Verdana, Helvetica, Arial, sans-serif; font-size: 14px;\">&nbsp;<\/div>\n","protected":false},"excerpt":{"rendered":"<p>O Presidente da Rep\u00fablica, Filipe Nyusi, nomeou Let\u00edcia da Silva Klemens, para o cargo de Ministra dos Recursos Minerais e Energia. A nomea\u00e7\u00e3o de Let\u00edcia da Silva Klemens surge na sequ\u00eancia da elei\u00e7\u00e3o de Pedro Couto para presid\u00eancia do Conselho de Administra\u00e7\u00e3o da Hidroel\u00e9ctrica de Cahora Bassa. Um comunicado do Gabinete da Presid\u00eancia indica que &hellip;<\/p>\n","protected":false},"author":1,"featured_media":0,"comment_status":"open","ping_status":"open","sticky":false,"template":"","format":"standard","meta":{"_jetpack_memberships_contains_paid_content":false,"footnotes":""},"categories":[4],"tags":[],"class_list":["post-1536","post","type-post","status-publish","format-standard","hentry","category-outras"],"jetpack_featured_media_url":"","jetpack_sharing_enabled":true,"_links":{"self":[{"href":"https:\/\/www.frelimo.org.mz\/index.php?rest_route=\/wp\/v2\/posts\/1536","targetHints":{"allow":["GET"]}}],"collection":[{"href":"https:\/\/www.frelimo.org.mz\/index.php?rest_route=\/wp\/v2\/posts"}],"about":[{"href":"https:\/\/www.frelimo.org.mz\/index.php?rest_route=\/wp\/v2\/types\/post"}],"author":[{"embeddable":true,"href":"https:\/\/www.frelimo.org.mz\/index.php?rest_route=\/wp\/v2\/users\/1"}],"replies":[{"embeddable":true,"href":"https:\/\/www.frelimo.org.mz\/index.php?rest_route=%2Fwp%2Fv2%2Fcomments&post=1536"}],"version-history":[{"count":0,"href":"https:\/\/www.frelimo.org.mz\/index.php?rest_route=\/wp\/v2\/posts\/1536\/revisions"}],"wp:attachment":[{"href":"https:\/\/www.frelimo.org.mz\/index.php?rest_route=%2Fwp%2Fv2%2Fmedia&parent=1536"}],"wp:term":[{"taxonomy":"category","embeddable":true,"href":"https:\/\/www.frelimo.org.mz\/index.php?rest_route=%2Fwp%2Fv2%2Fcategories&post=1536"},{"taxonomy":"post_tag","embeddable":true,"href":"https:\/\/www.frelimo.org.mz\/index.php?rest_route=%2Fwp%2Fv2%2Ftags&post=1536"}],"curies":[{"name":"wp","href":"https:\/\/api.w.org\/{rel}","templated":true}]}}