{"id":1531,"date":"2016-10-12T12:09:00","date_gmt":"2016-10-12T12:09:00","guid":{"rendered":"https:\/\/www.frelimo.org.mz\/?p=1531"},"modified":"2016-10-12T12:09:00","modified_gmt":"2016-10-12T12:09:00","slug":"presidente-da-republica-rende-ultima-homenagem-a-jeremias-pondeca","status":"publish","type":"post","link":"https:\/\/www.frelimo.org.mz\/?p=1531","title":{"rendered":"Presidente da Rep\u00fablica rende \u00faltima homenagem a Jeremias Pondeca"},"content":{"rendered":"<p>O Presidente da Rep<span style=\"font-family: Tahoma, sans-serif;\">\u00fa<\/span>blica, Filipe Nyusi, vai hoje Quarta Feira prestar a <span style=\"font-family: Tahoma, sans-serif;\">\u00fa<\/span>ltima homenagem ao Conselheiro de Estado e membro da equipa da Comiss<span style=\"font-family: Tahoma, sans-serif;\">\u00e3<\/span>o Mista para o Di<span style=\"font-family: Tahoma, sans-serif;\">\u00e1<\/span>logo Pol<span style=\"font-family: Tahoma, sans-serif;\">\u00ed<\/span>tico, Jeremias Pondeca, assassinado na manh<span style=\"font-family: Tahoma, sans-serif;\">\u00e3<\/span> do passado S<span style=\"font-family: Tahoma, sans-serif;\">\u00e1<\/span>bado na zona da praia da Costa do Sol, na capital do pa<span style=\"font-family: Tahoma, sans-serif;\">\u00ed<\/span>s.<\/p>\n<p><!--more--><\/p>\n<p>&nbsp;<\/p>\n<p>A homenagem ter<span style=\"font-family: Tahoma, sans-serif;\">\u00e1<\/span> lugar durante um vel<span style=\"font-family: Tahoma, sans-serif;\">\u00f3<\/span>rio de corpo presente, que ir<span style=\"font-family: Tahoma, sans-serif;\">\u00e1<\/span> decorrer no recinto do Pa<span style=\"font-family: Tahoma, sans-serif;\">\u00e7<\/span>os do Munic<span style=\"font-family: Tahoma, sans-serif;\">\u00ed<\/span>pio do Conselho Municipal de Maputo.<\/p>\n<p>Segundo o programa oficial, o vel<span style=\"font-family: Tahoma, sans-serif;\">\u00f3<\/span>rio tem in<span style=\"font-family: Tahoma, sans-serif;\">\u00ed<\/span>cio previsto para as 10 horas e contar<span style=\"font-family: Tahoma, sans-serif;\">\u00e1<\/span>, segundo dados de algumas fontes pr<span style=\"font-family: Tahoma, sans-serif;\">\u00f3<\/span>ximas <span style=\"font-family: Tahoma, sans-serif;\">\u00e0<\/span> realiza<span style=\"font-family: Tahoma, sans-serif;\">\u00e7\u00e3<\/span>o da cerim<span style=\"font-family: Tahoma, sans-serif;\">\u00f3<\/span>nia, com representantes do Estado, da Comiss<span style=\"font-family: Tahoma, sans-serif;\">\u00e3<\/span>o Mista para o di<span style=\"font-family: Tahoma, sans-serif;\">\u00e1<\/span>logo e observadores internacionais, partidos pol<span style=\"font-family: Tahoma, sans-serif;\">\u00ed<\/span>ticos, com destaque para a Renamo, onde era membro s<span style=\"font-family: Tahoma, sans-serif;\">\u00e9<\/span>nior, da comunidade religiosa, sociedade civil, para al<span style=\"font-family: Tahoma, sans-serif;\">\u00e9<\/span>m de familiares.<\/p>\n<p>O vel<span style=\"font-family: Tahoma, sans-serif;\">\u00f3<\/span>rio vai marcar o <span style=\"font-family: Tahoma, sans-serif;\">\u00fa<\/span>ltimo adeus a Pondeca, por parte de quem com ele conviveu na cidade do Maputo, onde era residente.<\/p>\n<p>Os restos mortais do malogrado ir<span style=\"font-family: Tahoma, sans-serif;\">\u00e3<\/span>o descansar no Posto administrativo de Chidenguele, prov<span style=\"font-family: Tahoma, sans-serif;\">\u00ed<\/span>ncia de Gaza, sua terra natal.<\/p>\n<p>Refira-se que o assassinato de Jeremias Pondeca est<span style=\"font-family: Tahoma, sans-serif;\">\u00e1<\/span> a ter reac<span style=\"font-family: Tahoma, sans-serif;\">\u00e7\u00f5<\/span>es de v<span style=\"font-family: Tahoma, sans-serif;\">\u00e1<\/span>rios quadrantes do mundo.<\/p>\n<p>Dos Estados Unidos da Am<span style=\"font-family: Tahoma, sans-serif;\">\u00e9<\/span>rica (EUA), <span style=\"font-family: Tahoma, sans-serif;\">\u00e0<\/span> Uni<span style=\"font-family: Tahoma, sans-serif;\">\u00e3<\/span>o Europeia (EU), chegaram mensagem de condena<span style=\"font-family: Tahoma, sans-serif;\">\u00e7\u00e3<\/span>o e rep<span style=\"font-family: Tahoma, sans-serif;\">\u00fa<\/span>dio.<\/p>\n<p>Ao n<span style=\"font-family: Tahoma, sans-serif;\">\u00ed<\/span>vel interno, o Centro de Pesquisa de Direitos Humanos e Desenvolvimento (DHD) emitiu hoje um comunicado de imprensa onde classifica o assassinato de Pondeca um atentado a democracia.<\/p>\n","protected":false},"excerpt":{"rendered":"<p>O Presidente da Rep\u00fablica, Filipe Nyusi, vai hoje Quarta Feira prestar a \u00faltima homenagem ao Conselheiro de Estado e membro da equipa da Comiss\u00e3o Mista para o Di\u00e1logo Pol\u00edtico, Jeremias Pondeca, assassinado na manh\u00e3 do passado S\u00e1bado na zona da praia da Costa do Sol, na capital do pa\u00eds. &nbsp; A homenagem ter\u00e1 lugar durante &hellip;<\/p>\n","protected":false},"author":1,"featured_media":0,"comment_status":"open","ping_status":"open","sticky":false,"template":"","format":"standard","meta":{"_jetpack_memberships_contains_paid_content":false,"footnotes":""},"categories":[4],"tags":[],"class_list":["post-1531","post","type-post","status-publish","format-standard","hentry","category-outras"],"jetpack_featured_media_url":"","jetpack_sharing_enabled":true,"_links":{"self":[{"href":"https:\/\/www.frelimo.org.mz\/index.php?rest_route=\/wp\/v2\/posts\/1531","targetHints":{"allow":["GET"]}}],"collection":[{"href":"https:\/\/www.frelimo.org.mz\/index.php?rest_route=\/wp\/v2\/posts"}],"about":[{"href":"https:\/\/www.frelimo.org.mz\/index.php?rest_route=\/wp\/v2\/types\/post"}],"author":[{"embeddable":true,"href":"https:\/\/www.frelimo.org.mz\/index.php?rest_route=\/wp\/v2\/users\/1"}],"replies":[{"embeddable":true,"href":"https:\/\/www.frelimo.org.mz\/index.php?rest_route=%2Fwp%2Fv2%2Fcomments&post=1531"}],"version-history":[{"count":0,"href":"https:\/\/www.frelimo.org.mz\/index.php?rest_route=\/wp\/v2\/posts\/1531\/revisions"}],"wp:attachment":[{"href":"https:\/\/www.frelimo.org.mz\/index.php?rest_route=%2Fwp%2Fv2%2Fmedia&parent=1531"}],"wp:term":[{"taxonomy":"category","embeddable":true,"href":"https:\/\/www.frelimo.org.mz\/index.php?rest_route=%2Fwp%2Fv2%2Fcategories&post=1531"},{"taxonomy":"post_tag","embeddable":true,"href":"https:\/\/www.frelimo.org.mz\/index.php?rest_route=%2Fwp%2Fv2%2Ftags&post=1531"}],"curies":[{"name":"wp","href":"https:\/\/api.w.org\/{rel}","templated":true}]}}