{"id":1519,"date":"2016-10-06T13:10:39","date_gmt":"2016-10-06T13:10:39","guid":{"rendered":"https:\/\/www.frelimo.org.mz\/?p=1519"},"modified":"2016-10-06T13:10:39","modified_gmt":"2016-10-06T13:10:39","slug":"frelimo-encoraja-governo-a-prosseguir-com-accoes-visando-aumentar-a-producao-e-produtividade","status":"publish","type":"post","link":"https:\/\/www.frelimo.org.mz\/?p=1519","title":{"rendered":"FRELIMO ENCORAJA GOVERNO A PROSSEGUIR COM AC\u00c7\u00d5ES VISANDO AUMENTAR A PRODU\u00c7\u00c3O E PRODUTIVIDADE"},"content":{"rendered":"<div class=\"itemIntroText\" style=\"margin: 0px; padding: 4px 0px 12px; border: 0px; outline: 0px; font-size: 13px; vertical-align: baseline; background-color: transparent; line-height: inherit; color: #444444; font-family: Arial, Helvetica, sans-serif;\">\n<p style=\"margin: 0.5em 0px; padding: 0px; border: 0px; outline: 0px; vertical-align: baseline; background-color: transparent;\">A Comiss\u00e3o Pol\u00edtica do partido Frelimo encoraja o Governo a empenhar-se continuamente na cria\u00e7\u00e3o de mecanismos que permitam os cidad\u00e3os se envolverem cada vez mais no processo de trabalho, visando aumentar a produ\u00e7\u00e3o e a produtividade.<\/p>\n<p style=\"margin: 0.5em 0px; padding: 0px; border: 0px; outline: 0px; vertical-align: baseline; background-color: transparent;\">Segundo a Comiss\u00e3o Pol\u00edtica, a ac\u00e7\u00e3o visa criar maior disponibilidade de alimentos, bens e servi\u00e7os para o consumo interno, incremento das exporta\u00e7\u00f5es e promo\u00e7\u00e3o de um desenvolvimento econ\u00f3mico e social mais abrangente.&nbsp;<\/p>\n<p style=\"margin: 0.5em 0px; padding: 0px; border: 0px; outline: 0px; vertical-align: baseline; background-color: transparent;\">Reunida em mais uma sess\u00e3o ordin\u00e1ria, alargada aos primeiros secret\u00e1rios dos comit\u00e9s provinciais e da cidade de Maputo, a Comiss\u00e3o Pol\u00edtica congratula a ac\u00e7\u00e3o vigorosa das For\u00e7as de Defesa e Seguran\u00e7a na preven\u00e7\u00e3o e combate ao crime, na protec\u00e7\u00e3o das popula\u00e7\u00f5es e na manuten\u00e7\u00e3o da ordem, seguran\u00e7a e tranquilidade p\u00fablicas, em todo o territ\u00f3rio nacional.<\/p>\n<p style=\"margin: 0.5em 0px; padding: 0px; border: 0px; outline: 0px; vertical-align: baseline; background-color: transparent;\">O \u00d3rg\u00e3o, sa\u00fada o Presidente da Rep\u00fablica, Filipe Nyusi, pela sua postura de abertura ao di\u00e1logo, toler\u00e2ncia e pondera\u00e7\u00e3o, em prol da paz efectiva no pa\u00eds.<\/p>\n<\/div>\n","protected":false},"excerpt":{"rendered":"<p>A Comiss\u00e3o Pol\u00edtica do partido Frelimo encoraja o Governo a empenhar-se continuamente na cria\u00e7\u00e3o de mecanismos que permitam os cidad\u00e3os se envolverem cada vez mais no processo de trabalho, visando aumentar a produ\u00e7\u00e3o e a produtividade. Segundo a Comiss\u00e3o Pol\u00edtica, a ac\u00e7\u00e3o visa criar maior disponibilidade de alimentos, bens e servi\u00e7os para o consumo interno, &hellip;<\/p>\n","protected":false},"author":1,"featured_media":0,"comment_status":"open","ping_status":"open","sticky":false,"template":"","format":"standard","meta":{"_jetpack_memberships_contains_paid_content":false,"footnotes":""},"categories":[4],"tags":[],"class_list":["post-1519","post","type-post","status-publish","format-standard","hentry","category-outras"],"jetpack_featured_media_url":"","jetpack_sharing_enabled":true,"_links":{"self":[{"href":"https:\/\/www.frelimo.org.mz\/index.php?rest_route=\/wp\/v2\/posts\/1519","targetHints":{"allow":["GET"]}}],"collection":[{"href":"https:\/\/www.frelimo.org.mz\/index.php?rest_route=\/wp\/v2\/posts"}],"about":[{"href":"https:\/\/www.frelimo.org.mz\/index.php?rest_route=\/wp\/v2\/types\/post"}],"author":[{"embeddable":true,"href":"https:\/\/www.frelimo.org.mz\/index.php?rest_route=\/wp\/v2\/users\/1"}],"replies":[{"embeddable":true,"href":"https:\/\/www.frelimo.org.mz\/index.php?rest_route=%2Fwp%2Fv2%2Fcomments&post=1519"}],"version-history":[{"count":0,"href":"https:\/\/www.frelimo.org.mz\/index.php?rest_route=\/wp\/v2\/posts\/1519\/revisions"}],"wp:attachment":[{"href":"https:\/\/www.frelimo.org.mz\/index.php?rest_route=%2Fwp%2Fv2%2Fmedia&parent=1519"}],"wp:term":[{"taxonomy":"category","embeddable":true,"href":"https:\/\/www.frelimo.org.mz\/index.php?rest_route=%2Fwp%2Fv2%2Fcategories&post=1519"},{"taxonomy":"post_tag","embeddable":true,"href":"https:\/\/www.frelimo.org.mz\/index.php?rest_route=%2Fwp%2Fv2%2Ftags&post=1519"}],"curies":[{"name":"wp","href":"https:\/\/api.w.org\/{rel}","templated":true}]}}