{"id":1517,"date":"2016-10-06T11:42:03","date_gmt":"2016-10-06T11:42:03","guid":{"rendered":"https:\/\/www.frelimo.org.mz\/?p=1517"},"modified":"2016-10-06T11:42:03","modified_gmt":"2016-10-06T11:42:03","slug":"discurso-do-camarada-presidente-da-frelimo-filipe-jacinto-nyusi-por-ocasiao-do-encerramento-da-10-conferencia-nacional-de-quadros","status":"publish","type":"post","link":"https:\/\/www.frelimo.org.mz\/?p=1517","title":{"rendered":"Discurso do Camarada Presidente da FRELIMO, Filipe Jacinto Nyusi, por ocasi\u00e3o do encerramento da 10\u00aa Confer\u00eancia Nacional de Quadros."},"content":{"rendered":"<p>Camarada Secret\u00e1rio-Geral da FRELIMO; <\/p>\n<p>Camaradas Membros da Comiss\u00e3o Pol\u00edtica; <\/p>\n<p>Camarada Armando Em\u00edlio Guebuza, Antigo Presidente da FRELIMO;<\/p>\n<p><!--more--><\/p>\n<p>Camaradas Membros do Secretariado do Comit\u00e9 Central; <\/p>\n<p>Camaradas Membros do Comit\u00e9 Central; <\/p>\n<p>Distintos Quadros da nossa gloriosa FRELIMO; <\/p>\n<p>Minhas Camaradas e Meus Camaradas! <\/p>\n<p>Aproxima-se o momento do encerramento da nossa d\u00e9cima Confer\u00eancia Nacional de Quadros. Quando entoarmos o Hino da FRELIMO e o Hino Nacional, estaremos a assinalar o fim deste grande encontro da nossa fam\u00edlia FRELIMO. <\/p>\n<p>Caros Camaradas! <br \/>Os tr\u00eas dias foram de intenso trabalho. A qualidade das interven\u00e7\u00f5es e dos debates havidos em torno da proposta de teses demonstrou o alto n\u00edvel de maturidade politica das diferentes gera\u00e7\u00f5es de quadros. Queremos mais uma vez felicitar e reconhecer a grandeza da nossa FRELIMO. <br \/>Ao longo destes tr\u00eas dias, a nossa Escola Central foi, uma vez mais, a casa-m\u00e3e, onde a Frelimo se reuniu para debater as propostas de teses ao 11\u00b0 Congresso. Um debate que come\u00e7ou na C\u00e9lula e culmina nesta Confer\u00eancia Nacional. <\/p>\n<p>Regressamos \u00e0s nossas casas mais revigorados. Falaremos aos nossos camaradas e familiares da grande festa que aqui vivemos neste reencontro da Na\u00e7\u00e3o mo\u00e7ambicana. Falaremos igualmente do entusiasmo das nossas discuss\u00f5es, e das decis\u00f5es que, como FRELIMO, juntos aqui tom\u00e1mos. <\/p>\n<p>Ao longo destes tr\u00eas dias, reafirm\u00e1mos a nossa capacidade de mobiliza\u00e7\u00e3o, desenvolvida e consolidada em mais de meio s\u00e9culo de vida e luta da nossa organiza\u00e7\u00e3o. <\/p>\n<p>A FRELIMO mobiliza atrav\u00e9s do seu compromisso inabal\u00e1vel de viver e interpretar correctamente os anseios do povo mo\u00e7ambicano. A FRELIMO estrutura as respostas e solu\u00e7\u00f5es dos problemas identificados em cada momento, e mobiliza o povo na luta pela sua pr\u00f3pria emancipa\u00e7\u00e3o e bemestar. <\/p>\n<p>Caras e caros camaradas! <\/p>\n<p>Para al\u00e9m dos debates propriamente ditos, as sauda\u00e7\u00f5es \u00e0 Confer\u00eancia foram um momento importante do nosso conv\u00edvio. Nelas, as nossas organiza\u00e7\u00f5es sociais e as delega\u00e7\u00f5es das nossas prov\u00edncias, em momentos verdadeiramente festivos, encheram esta sala de tanta alegria que os nossos cora\u00e7\u00f5es ficaram a saltar de contentamento. <\/p>\n<p>Gostar\u00edamos de aproveitar esta oportunidade para felicitar as organiza\u00e7\u00f5es sociais do nosso Partido e todas as delega\u00e7\u00f5es pela excelente qualidade dos n\u00fameros apresentados. Mas tamb\u00e9m felicitamolos pela fertilidade da imagina\u00e7\u00e3o e criatividade. <\/p>\n<p>Sempre que temos um importante evento, temos cria\u00e7\u00f5es novas, adaptadas a novas formas de mobiliza\u00e7\u00e3o. Ali\u00e1s, algumas das can\u00e7\u00f5es que aqui ouvimos foram especificamente preparadas para esta D\u00e9cima Confer\u00eancia Nacional de Quadros. Parab\u00e9ns, FRELIMO, pela criatividade! <\/p>\n<p>Caras e caros Camaradas! <\/p>\n<p>A D\u00e9cima Confer\u00eancia Nacional de Quadros foi um importante momento de partilha das nossas preocupa\u00e7\u00f5es, das nossas propostas de solu\u00e7\u00e3o e dos nossos sonhos. Foi uma oportunidade para debatermos as nossas expectativas e perspectivas sobre as prioridades estrat\u00e9gicas da FRELIMO e de Mo\u00e7ambique. Foi um importante momento de prepara\u00e7\u00e3o do D\u00e9cimo Primeiro Congresso. <\/p>\n<p>Como tem sido caracter\u00edstico nas reuni\u00f5es da FRELIMO, os nossos debates, expectativas e perspectivas s\u00e3o constru\u00eddas a partir do conhecimento que temos da realidade nacional e internacional. <br \/>A partilha, dessas expectativas e perspectivas pelos membros da FRELIMO, e dos mo\u00e7ambicanos em geral, quanto \u00e0s pr\u00f3ximas prioridades, tomou forma no debate do projecto das teses a serem apresentadas ao Congresso. Foi um debate franco, aberto, caloroso, com uma elevada capacidade anal\u00edtica. Foi um debate feito com seriedade e num ambiente de camaradagem e com a responsabilidade pr\u00f3pria de um Partido maduro. <\/p>\n<p><!--nextpage--><\/p>\n<p>Saudamos, por isso, todos os quadros aqui presentes, em representa\u00e7\u00e3o dos milh\u00f5es de membros da FRELIMO, pelo seu incondicional empenho nos debates. Foi esse empenho que permitiu \u00e0 esta D\u00e9cima Confer\u00eancia Nacional de Quadros aprofundar as mensagens que as c\u00e9lulas, os c\u00edrculos, as zonas, os distritos, as prov\u00edncias e os mo\u00e7ambicanos em geral propuseram para o D\u00e9cimo Primeiro Congresso. <\/p>\n<p>A partir das discuss\u00f5es havidas, e das que depois v\u00e3o acontecer, o pr\u00f3ximo Congresso formular\u00e1 o programa interno da FRELIMO e o programa de desenvolvimento de Mo\u00e7ambique. Com esse programa continuaremos a construir as bases para o desenvolvimento sustent\u00e1vel e inclusivo do nosso pa\u00eds. Temos certeza de que ser\u00e1 um programa mobilizador e, por isso, tamb\u00e9m ganhador. <\/p>\n<p>Caros Camaradas! <\/p>\n<p>Cada um de n\u00f3s, a todos os n\u00edveis e \u00f3rg\u00e3os da FRELIMO, t\u00eam responsabilidades na procura de solu\u00e7\u00f5es para as preocupa\u00e7\u00f5es com que o povo se confronta no dia a dia. Quando um militante nos coloca uma quest\u00e3o parte do princ\u00edpio de que podemos ajud\u00e1-lo em alguma coisa. Quando um cidad\u00e3o nos coloca uma preocupa\u00e7\u00e3o \u00e9 porque olha para n\u00f3s como uma luz que possa conduzi-lo \u00e0 solu\u00e7\u00e3o dessa preocupa\u00e7\u00e3o. Quando observamos algo an\u00f3malo ou errado, espera-se que de imediato, possamos activar a nossa milit\u00e2ncia, o nosso instinto politico, a nossa capacidade de mobiliza\u00e7\u00e3o para, a nosso n\u00edvel resolvermos, esclarecermos, mobilizarmos ou alertarmos os \u00f3rg\u00e3os competentes sobre o que se passa. <\/p>\n<p>A FRELIMO somos todos n\u00f3s, aqui presentes. O Partido \u00e9 cada um dos membros. A FRELIMO \u00e9 cada um dos militantes. A FRELIMO \u00e9 cada um dos quadros colocados em cada canto do nosso pa\u00eds. <\/p>\n<p>Alguns de n\u00f3s t\u00eam uma experi\u00eancia de milit\u00e2ncia e capacidade de mobiliza\u00e7\u00e3o de mais de 50 anos. Outros t\u00eam uma experi\u00eancia mais recente. Outros ainda t\u00eam uma experi\u00eancia governativa antiga. Outros ainda est\u00e3o a come\u00e7ar a sua experiencia de governa\u00e7\u00e3o. Estas experi\u00eancias ganham mais valor quando, dentro dos \u00f3rg\u00e3os, s\u00e3o sincronizados e partilhadas para tornar mais produtivo o processo de procura de solu\u00e7\u00f5es para as preocupa\u00e7\u00f5es dos mo\u00e7ambicanos. S\u00e3o ainda importantes para relan\u00e7ar a nossa FRELIMO, como organiza\u00e7\u00e3o, para um alcance de maior efici\u00eancia, efic\u00e1cia, disciplina e de coes\u00e3o interna. <\/p>\n<p>\u00c9 isso que far\u00e1 com que a Frelimo se mantenha no pedestal maior de refer\u00eancia dos mo\u00e7ambicanos na resolu\u00e7\u00e3o dos seus problemas. Juntos e unidos somos mais fortes. Cada um de n\u00f3s, por mais forte e inteligente que seja, sozinho \u00e9 demasiado pouco para os desafios da FRELIMO e dos mo\u00e7ambicanos. <\/p>\n<p><!--nextpage--><\/p>\n<p>Caras e caros camaradas! <\/p>\n<p>Todos n\u00f3s, incluindo aqueles que ficaram em casa, e que aqui representamos, somos parte da solu\u00e7\u00e3o do problema. E temos de levar esta mensagem para os nossos locais de resid\u00eancia, de trabalho e de ac\u00e7\u00e3o pol\u00edtica. Deve ser levada para cada interven\u00e7\u00e3o p\u00fablica ou privada, porque \u00e9 disso que se espera de um militante da FRELIMO. <\/p>\n<p>Todos somos e devemos continuar a ser parte de solu\u00e7\u00f5es criativas que levem \u00e0 melhoria constante do nosso desempenho, como militantes, como FRELIMO. \u00c9 este esp\u00edrito que deve ser transportado para a nossa vida di\u00e1ria. \u00c9 este esp\u00edrito que deve ser transportado para a nossa milit\u00e2ncia no seio do povo. <\/p>\n<p>Caros Camaradas! <br \/>Nas sauda\u00e7\u00f5es das nossas prov\u00edncias e das organiza\u00e7\u00f5es sociais, assim como no debate das teses, quer nas plen\u00e1rias, quer nos grupos de trabalho, fal\u00e1mos, com particular \u00eanfase, do imperativo da coes\u00e3o interna e da disciplina. Os desafios que o nosso pa\u00eds enfrenta requerem um Partido cada vez mais forte e cada vez mais coeso. <br \/>Cada um de n\u00f3s assume, com a sua presen\u00e7a e com a sua participa\u00e7\u00e3o na discuss\u00e3o das Teses, a responsabilidade individual e colectiva de assumir a preocupa\u00e7\u00e3o com a coes\u00e3o e a disciplina como parte da sua luta di\u00e1ria pela cont\u00ednua edifica\u00e7\u00e3o de um Partido cada vez mais forte. <\/p>\n<p>Para que a FRELIMO continue a ser vitoriosa, a mensagem e milit\u00e2ncia dos seus membros perante o povo mo\u00e7ambicano deve ser cada vez mais eficaz. A coes\u00e3o e a disciplina ajudam a concentrarmos as nossas interven\u00e7\u00f5es nas verdadeiras preocupa\u00e7\u00f5es dos mo\u00e7ambicanos, reduzem o risco da excessiva dispers\u00e3o das nossas interven\u00e7\u00f5es. <\/p>\n<p>Por outras palavras, o termo &#8220;Camarada&#8221;, que usamos entre n\u00f3s como senha do nosso compromisso com os Estatutos e Programa da nossa FRELIMO, deve continuar a ter o significado e a virtude de nos aproximar cada vez mais, uns dos outros, como companheiros da mesma jornada, unidos pela mesma causa, a defesa intransigente e inalien\u00e1vel do povo mo\u00e7ambicano e do interesse nacional. <\/p>\n<p>Caros Camaradas! <\/p>\n<p>O Congresso que se aproxima ser\u00e1, uma vez mais, um momento de refor\u00e7o da Unidade Nacional, pilar inabal\u00e1vel para a consolida\u00e7\u00e3o da mo\u00e7ambicanidade e da cidadania, da paz e do rumo que estamos a trilhar para o progresso e bem-estar. <\/p>\n<p>Na verdade, o D\u00e9cimo Primeiro Congresso j\u00e1 come\u00e7ou. E porque \u201ca vit\u00f3ria prepara-se, a vit\u00f3ria organiza-se,\u201d inici\u00e1mos os preparativos com mais de um ano de anteced\u00eancia. E devemos continuar a preparar o nosso sucesso, refor\u00e7ando a nossa ac\u00e7\u00e3o pol\u00edtica e milit\u00e2ncia na base e junto das nossas popula\u00e7\u00f5es, nas quais nos inspiramos e buscamos as solu\u00e7\u00f5es das preocupa\u00e7\u00f5es que Mo\u00e7ambique e os mo\u00e7ambicanos enfrentam em cada momento hist\u00f3rico. O sucesso depende de n\u00f3s. O nosso sucesso est\u00e1 nas nossas m\u00e3os. Por isso, na prepara\u00e7\u00e3o do D\u00e9cimo Primeiro Congresso vamos continuar a: <\/p>\n<p>i. Fortalecer a ac\u00e7\u00e3o do nosso partido na sociedade mo\u00e7ambicana; <\/p>\n<p>ii. Promover o estudo e apropria\u00e7\u00e3o das Teses na C\u00e9lulas, C\u00edrculos, Zonas, Distritos, Cidades e Prov\u00edncias; <\/p>\n<p>iii. Consolidar a democracia interna no seio do Partido, realizando as Confer\u00eancias de C\u00edrculos, de Zonas, de Distritos, de Prov\u00edncias e da Cidade de Maputo, para as Elei\u00e7\u00f5es Internas e de Delegados \u00e0s Confer\u00eancias e ao Congresso; <\/p>\n<p>A prepara\u00e7\u00e3o do D\u00e9cimo Primeiro Congresso representa a realiza\u00e7\u00e3o do Congresso a cada n\u00edvel. Por isso, dever\u00e1 ser um momento de festa, n\u00e3o s\u00f3 dos quadros, militantes, membros e simpatizantes da FRELIMO, mas tamb\u00e9m de todo o povo moso\u00e7ambicano que estar\u00e1 envolvido nos debates e na prepara\u00e7\u00e3o desta reuni\u00e3o magna da nossa FRELIMO, a sua FRELIMO. <\/p>\n<p>Muito trabalho ter\u00e1 ainda de ser feito at\u00e9 ao D\u00e9cimo Primeiro Congresso. O vigor e empenho que caracterizou os militantes, membros e quadros da <br \/>FRELIMO na realiza\u00e7\u00e3o das tarefas do Partido at\u00e9 a esta D\u00e9cima Confer\u00eancia Nacional de Quadros dever\u00e1 continuar aceso e guiando-nos rumo ao Congresso. Bem hajam, militantes, membros e quadros da nossa sempre vitoriosa FRELIMO. <\/p>\n<p>Minhas Camaradas e Meus Camaradas! <br \/>Celebra se amanha dia 4 de Outubro, o vig\u00e9simo quarto anivers\u00e1rio do Acordo Geral de Paz. Volvidos vinte e quatro anos, o nosso pa\u00eds continua novamente com o desafio de devolver o sossego e tranquilidade, prosseguindo na consolida\u00e7\u00e3o nacional, bem como no aprofundamento da Democracia. A Paz \u00e9 um patrim\u00f3nio colectivo de todos os Mo\u00e7ambicanos e um interesse supremo a qualquer des\u00edgnio individualista. Por isso queremos exortar a todos os membros do nosso Partido, simpatizantes e a todo o nosso Povo a se sentir repugnados contra qualquer ac\u00e7\u00e3o atentat\u00f3ria a este bem conquistado com o enorme sacrif\u00edcio. <\/p>\n<p>Como dissemos na sess\u00e3o de abertura, somos um Partido comprometido com a seguran\u00e7a e tranquilidade do nosso Povo, temos a responsabilidade de buscar a Paz de volta.  <\/p>\n<p><!--nextpage--><\/p>\n<p>Caros Camaradas! <\/p>\n<p>Endere\u00e7amos uma sauda\u00e7\u00e3o especial a todos os que, de forma directa e indirecta, contribu\u00edram para o sucesso desta D\u00e9cima Confer\u00eancia Nacional de Quadros. Em particular, agradecemos as chefias dos grupos de trabalho e os membros das equipas de redac\u00e7\u00e3o dos diversos documentos produzidos nesta sess\u00e3o. <\/p>\n<p>Os nossos agradecimentos s\u00e3o extensivos \u00e0s equipas do Protocolo, da Seguran\u00e7a e da Sa\u00fade, bem como aos membros dos grupos culturais, da Comunica\u00e7\u00e3o Social, aos condutores de ve\u00edculos, e a todos aqueles que estiveram envolvidos noutras actividades de apoio aos nossos trabalhos. <\/p>\n<p>Com votos de bom regresso, para cada um dos delegados e convidados, temos a honra de declarar encerrada a D\u00e9cima Confer\u00eancia Nacional de Quadros. <\/p>\n<p>FRELIMO Hoye!  <\/p>\n","protected":false},"excerpt":{"rendered":"<p>Camarada Secret\u00e1rio-Geral da FRELIMO; Camaradas Membros da Comiss\u00e3o Pol\u00edtica; Camarada Armando Em\u00edlio Guebuza, Antigo Presidente da FRELIMO; Camaradas Membros do Secretariado do Comit\u00e9 Central; Camaradas Membros do Comit\u00e9 Central; Distintos Quadros da nossa gloriosa FRELIMO; Minhas Camaradas e Meus Camaradas! Aproxima-se o momento do encerramento da nossa d\u00e9cima Confer\u00eancia Nacional de Quadros. Quando entoarmos o &hellip;<\/p>\n","protected":false},"author":1,"featured_media":0,"comment_status":"open","ping_status":"open","sticky":false,"template":"","format":"standard","meta":{"_jetpack_memberships_contains_paid_content":false,"footnotes":""},"categories":[4],"tags":[],"class_list":["post-1517","post","type-post","status-publish","format-standard","hentry","category-outras"],"jetpack_featured_media_url":"","jetpack_sharing_enabled":true,"_links":{"self":[{"href":"https:\/\/www.frelimo.org.mz\/index.php?rest_route=\/wp\/v2\/posts\/1517","targetHints":{"allow":["GET"]}}],"collection":[{"href":"https:\/\/www.frelimo.org.mz\/index.php?rest_route=\/wp\/v2\/posts"}],"about":[{"href":"https:\/\/www.frelimo.org.mz\/index.php?rest_route=\/wp\/v2\/types\/post"}],"author":[{"embeddable":true,"href":"https:\/\/www.frelimo.org.mz\/index.php?rest_route=\/wp\/v2\/users\/1"}],"replies":[{"embeddable":true,"href":"https:\/\/www.frelimo.org.mz\/index.php?rest_route=%2Fwp%2Fv2%2Fcomments&post=1517"}],"version-history":[{"count":0,"href":"https:\/\/www.frelimo.org.mz\/index.php?rest_route=\/wp\/v2\/posts\/1517\/revisions"}],"wp:attachment":[{"href":"https:\/\/www.frelimo.org.mz\/index.php?rest_route=%2Fwp%2Fv2%2Fmedia&parent=1517"}],"wp:term":[{"taxonomy":"category","embeddable":true,"href":"https:\/\/www.frelimo.org.mz\/index.php?rest_route=%2Fwp%2Fv2%2Fcategories&post=1517"},{"taxonomy":"post_tag","embeddable":true,"href":"https:\/\/www.frelimo.org.mz\/index.php?rest_route=%2Fwp%2Fv2%2Ftags&post=1517"}],"curies":[{"name":"wp","href":"https:\/\/api.w.org\/{rel}","templated":true}]}}