{"id":1496,"date":"2016-10-01T17:00:55","date_gmt":"2016-10-01T17:00:55","guid":{"rendered":"https:\/\/www.frelimo.org.mz\/?p=1496"},"modified":"2016-10-01T17:00:55","modified_gmt":"2016-10-01T17:00:55","slug":"discurso-do-presidente-da-frelimo-camarada-filipe-jacinto-nyusi-por-ocasiao-da-abertura-da-10-conferencia-nacional-de-quadros","status":"publish","type":"post","link":"https:\/\/www.frelimo.org.mz\/?p=1496","title":{"rendered":"Discurso do Presidente da FRELIMO, Camarada Filipe Jacinto Nyusi, por ocasi\u00e3o da abertura da 10\u00aa Confer\u00eancia Nacional de Quadros."},"content":{"rendered":"<div style=\"border: 4.5pt double windowtext; padding: 31pt 4pt 1pt;\">\n<p style=\"text-align: center; border: none; padding: 0cm;\" align=\"center\"><strong><span>FRELIMO:<\/span><\/strong><\/p>\n<p style=\"text-align: center; border: none; padding: 0cm;\" align=\"center\"><strong><span>Refor\u00e7ando a disciplina interna e coes\u00e3o rumo \u00e0 novas vit\u00f3rias <\/span><\/strong><\/p>\n<p style=\"border: none; padding: 0cm;\"><span style=\"font-size: 12pt; line-height: 150%; font-family: 'Arial Narrow', sans-serif;\">Discurso <\/span><span style=\"font-size: 12pt; line-height: 150%; font-family: 'Arial Narrow', sans-serif;\">do Camarada Presidente da FRELIMO, <\/span><span style=\"font-size: 12pt; line-height: 150%; font-family: 'Arial Narrow', sans-serif;\">Filipe Jacinto Nyusi<\/span><span style=\"font-size: 12pt; line-height: 150%; font-family: 'Arial Narrow', sans-serif;\">,<\/span><\/p>\n<p style=\"border: none; padding: 0cm;\"><span style=\"font-size: 12pt; line-height: 150%; font-family: 'Arial Narrow', sans-serif;\">por ocasi\u00e3o da abertura da <\/span><span style=\"font-size: 12pt; line-height: 150%; font-family: 'Arial Narrow', sans-serif;\">D\u00e9cima <\/span><span style=\"font-size: 12pt; line-height: 150%; font-family: 'Arial Narrow', sans-serif;\">Confer\u00eancia Nacional de Quadros.<\/span><\/p>\n<p><!--more--><\/p>\n<p style=\"border: none; padding: 0cm;\">&nbsp;<\/p>\n<p style=\"text-align: right; border: none; padding: 0cm;\" align=\"right\"><span style=\"font-size: 12pt; line-height: 150%; font-family: 'Arial Narrow', sans-serif;\">Matola, 01 de<\/span><span style=\"font-size: 12pt; line-height: 150%; font-family: 'Arial Narrow', sans-serif;\">Outubro <\/span><span style=\"font-size: 12pt; line-height: 150%; font-family: 'Arial Narrow', sans-serif;\">de 201<\/span><span style=\"font-size: 12pt; line-height: 150%; font-family: 'Arial Narrow', sans-serif;\">6<\/span><\/p>\n<\/div>\n<p style=\"text-align: justify; line-height: 150%;\"><span style=\"font-size: 14pt; line-height: 150%; font-family: 'Trebuchet MS', sans-serif;\">Camarada Secret\u00e1rio-Geral da FRELIMO;<\/span><\/p>\n<p style=\"text-align: justify; line-height: 150%;\"><strong><span style=\"font-size: 14pt; line-height: 150%; font-family: 'Trebuchet MS', sans-serif;\">Camaradas Membros da Comiss\u00e3o Pol\u00edtica;<\/span><\/strong><\/p>\n<p style=\"text-align: justify; line-height: 150%;\"><span style=\"font-size: 14pt; line-height: 150%; font-family: 'Trebuchet MS', sans-serif;\">Camarada Armando Em\u00edlio Guebuza, Antigo Presidente da FRELIMO;<\/span><\/p>\n<p style=\"text-align: justify; line-height: 150%;\"><strong><span style=\"font-size: 14pt; line-height: 150%; font-family: 'Trebuchet MS', sans-serif;\">Camaradas Membros do Secretariado do Comit\u00e9 Central;<\/span><\/strong><\/p>\n<p style=\"text-align: justify; line-height: 150%;\"><span style=\"font-size: 14pt; line-height: 150%; font-family: 'Trebuchet MS', sans-serif;\">Camaradas Membros do Comit\u00e9 Central;<\/span><\/p>\n<p style=\"text-align: justify; line-height: 150%;\"><strong><span style=\"font-size: 14pt; line-height: 150%; font-family: 'Trebuchet MS', sans-serif;\">Distintos Quadros da nossa gloriosa FRELIMO;<\/span><\/strong><\/p>\n<p style=\"text-align: justify; line-height: 150%;\"><strong><span style=\"font-size: 14pt; line-height: 150%; font-family: 'Trebuchet MS', sans-serif;\">Caros Membros de Partidos Pol\u00edticos Convidados;<\/span><\/strong><\/p>\n<p style=\"text-align: justify; line-height: 150%;\"><span style=\"font-size: 14pt; line-height: 150%; font-family: 'Trebuchet MS', sans-serif;\">Estimados Convidados;<\/span><\/p>\n<p style=\"text-align: justify; line-height: 150%;\"><strong><span style=\"font-size: 14pt; line-height: 150%; font-family: 'Trebuchet MS', sans-serif;\">Minhas Camaradas e Meus Camaradas!<\/span><\/strong><\/p>\n<p style=\"margin-bottom: 10pt; text-align: justify; line-height: 115%;\"><span style=\"font-size: 14pt; line-height: 115%; font-family: 'Trebuchet MS', sans-serif;\">\u00c9 com indescrit\u00edvel emo\u00e7\u00e3o e rigozijo que desejamos boas vindas a todos os Camaradas Delegados e Convidados \u00e0 10\u00aa Confer\u00eancia Nacional de Quadros.<\/span><\/p>\n<p style=\"margin-bottom: 10pt; text-align: justify; line-height: 115%;\"><span style=\"font-size: 14pt; line-height: 115%; font-family: 'Trebuchet MS', sans-serif;\">Uma sauda\u00e7\u00e3o, naturalmente, extens\u00edvel a todos os militantes e simpatizantes do Partido, do Rovuma ao Maputo e do Zumbo ao \u00cdndico, pelo trabalho abnegado e inexced\u00edvel, que t\u00eam realizado nas m\u00faltiplas frentes, elevando e valorizando o nosso Partido FRELIMO, Partido do Povo. <\/span><\/p>\n<p style=\"margin-bottom: 10pt; text-align: justify; text-indent: 36pt; line-height: 115%;\"><strong><span style=\"font-size: 14pt; line-height: 115%; font-family: 'Trebuchet MS', sans-serif;\">Bem-hajam Caros Camaradas!<\/span><\/strong><\/p>\n<p style=\"margin-bottom: 10pt; text-align: justify; line-height: 115%;\"><span style=\"font-size: 14pt; line-height: 115%; font-family: 'Trebuchet MS', sans-serif;\">Com o esp\u00edrito de uni\u00e3o, harmonia e envolvimento que sempre caracterizou o nosso hist\u00f3rico Partido, saudamos a todos os mo\u00e7ambicanos, mulheres e homens, jovens, a seiva da Na\u00e7\u00e3o, adultos, e as crian\u00e7as, as flores que nunca murcham, que mant\u00eam viva e bem alto a chama da mo\u00e7ambicanidade que precede a nossa Na\u00e7\u00e3o.<\/span><\/p>\n<p style=\"text-align: justify; line-height: 150%;\"><span style=\"font-size: 14pt; line-height: 150%; font-family: 'Trebuchet MS', sans-serif;\">A D\u00e9cima Confer\u00eancia Nacional de Quadros, que hoje inicia, \u00e9 o culminar de uma jornada de debates e reflex\u00f5es conjuntas que teve as c\u00e9lulas, como seu ponto de partida. <\/span><\/p>\n<p style=\"text-align: justify; line-height: 150%;\"><span style=\"font-size: 14pt; line-height: 150%; font-family: 'Trebuchet MS', sans-serif;\">Essa jornada continuou, sucessivamente, nas Confer\u00eancias de C\u00edrculo, de Zona, de Cidade, de Distrito e de Prov\u00edncia, incluindo a da Cidade de Maputo. <\/span><\/p>\n<p style=\"text-align: justify; line-height: 150%;\"><span style=\"font-size: 14pt; line-height: 150%; font-family: 'Trebuchet MS', sans-serif;\">Portanto todos os militantes tiveram a oportunidade, em princ\u00edpio, a partir da sua c\u00e9lula. <\/span><\/p>\n<p style=\"margin-bottom: 10pt; text-align: justify; line-height: 115%;\"><span style=\"font-size: 14pt; line-height: 115%; font-family: 'Trebuchet MS', sans-serif;\">Como todos n\u00f3s testemunhamos, tratou-se de um movimento impar\u00e1vel, renovador e aglutinador, caracter\u00edstico da democracia interna, apan\u00e1gio do nosso Partido desde a sua funda\u00e7\u00e3o h\u00e1 mais de meio s\u00e9culo.<\/span><\/p>\n<p style=\"margin-bottom: 10pt; text-align: justify; line-height: 115%;\"><strong><span style=\"font-size: 14pt; line-height: 115%; font-family: 'Trebuchet MS', sans-serif;\">Caros Camaradas!<\/span><\/strong><\/p>\n<p style=\"margin-bottom: 10pt; text-align: justify; line-height: 115%;\"><span style=\"font-size: 14pt; line-height: 115%; font-family: 'Trebuchet MS', sans-serif;\">Ao iniciarmos a nossa interven\u00e7\u00e3o inaugural queremos enaltecer e exprimir o nosso tributo a cada mo\u00e7ambicano pelo esfor\u00e7o e empenho demonstrados face \u00e0s descontinuidades actuais relacionadas, fundamentalmente, com o fen\u00f3meno <i>El Nino<\/i>, caracterizado por seca prolongada, com impacto negativo na produ\u00e7\u00e3o, o que provocou insufici\u00eancia de bens de consumo e de exporta\u00e7\u00e3o.<\/span><\/p>\n<p style=\"text-align: justify; line-height: 150%;\"><span style=\"font-size: 14pt; line-height: 150%; font-family: 'Trebuchet MS', sans-serif;\">A nossa FRELIMO \u00e9, sem d\u00favida, a organiza\u00e7\u00e3o pol\u00edtica nacional que re\u00fane o maior naipe de quadros. <\/span><\/p>\n<p style=\"text-align: justify; line-height: 150%;\"><span style=\"font-size: 14pt; line-height: 150%; font-family: 'Trebuchet MS', sans-serif;\">Seleccionar milhares de Camaradas, num universo de milh\u00f5es para participarem nas confer\u00eancias de quadros, desde o C\u00edrculo at\u00e9 ao formato que hoje se inicia, n\u00e3o tem sido um exerc\u00edcio f\u00e1cil. <\/span><\/p>\n<p style=\"text-align: justify; line-height: 150%;\"><span style=\"font-size: 14pt; line-height: 150%; font-family: 'Trebuchet MS', sans-serif;\">Por isso mesmo e, tendo em conta que militam no nosso Partido os melhores quadros que servem ao nosso pa\u00eds na produ\u00e7\u00e3o, no estudo, na investiga\u00e7\u00e3o cient\u00edfica e na provis\u00e3o de diversos servi\u00e7os, n\u00e3o havia como lograrmos que todos eles participassem nestes f\u00f3runs de debate democr\u00e1tico.<\/span><\/p>\n<p style=\"text-align: justify; line-height: 150%;\"><span style=\"font-size: 14pt; line-height: 150%; font-family: 'Trebuchet MS', sans-serif;\">Tamb\u00e9m n\u00e3o temos d\u00favida de que milhares de quadros, t\u00e3o valiosos como os que hoje est\u00e3o aqui presentes, n\u00e3o tiveram a oportunidade de participar directamente nas reuni\u00f5es que nestas \u00faltimas semanas realizamos. <\/span><\/p>\n<p style=\"text-align: justify; line-height: 150%;\"><span style=\"font-size: 14pt; line-height: 150%; font-family: 'Trebuchet MS', sans-serif;\">Temos a certeza, de que todos eles deram a sua contribui\u00e7\u00e3o, quer em ideias, quer de outras formas, para que as nossas Confer\u00eancias, a todos os n\u00edveis, fossem o sucesso que o nosso Povo est\u00e1 a testemunhar.<\/span><\/p>\n<p style=\"text-align: justify; line-height: 150%;\"><span style=\"font-size: 14pt; line-height: 150%; font-family: 'Trebuchet MS', sans-serif;\">Como um Partido de transforma\u00e7\u00f5es, que concretiza a sua linha pol\u00edtica com base nas aspira\u00e7\u00f5es e vontade do Povo, a FRELIMO, quando re\u00fane os seus quadros e o povo todo, est\u00e1 sempre atenta \u00e0quelas que s\u00e3o as mais profundas expectativas do nosso Povo.<\/span><\/p>\n<p style=\"text-align: justify; line-height: 150%;\"><span style=\"font-size: 14pt; line-height: 150%; font-family: 'Trebuchet MS', sans-serif;\">Por isso, a conquista de uma paz duradoira, o refor\u00e7o permanente da Unidade Nacional, a redu\u00e7\u00e3o do custo de vida e a promo\u00e7\u00e3o do desenvolvimento econ\u00f3mico, rumo ao bem-estar dos mo\u00e7ambicanos e o debate nacional em curso, em torno do aprofundamento da descentraliza\u00e7\u00e3o<strong><i>,<\/i><\/strong> s\u00e3o, entre outros assuntos de interesse nacional, os que ir\u00e3o corporizar os nossos debates nesta Confer\u00eancia. <\/span><\/p>\n<p style=\"text-align: justify; line-height: 150%;\"><span style=\"font-size: 14pt; line-height: 150%; font-family: 'Trebuchet MS', sans-serif;\">Com estes debates profundos, queremos manter a nossa tradi\u00e7\u00e3o de sermos o Partido que estabelece a agenda nacional e tem a iniciativa do debate pol\u00edtico, econ\u00f3mico, social e cultural ao n\u00edvel de todo o nosso pa\u00eds. <\/span><\/p>\n<p style=\"text-align: justify; line-height: 150%;\"><span style=\"font-size: 14pt; line-height: 150%; font-family: 'Trebuchet MS', sans-serif;\">Queremos manter a FRELIMO, um Partido ganhador, n\u00e3o somente ao n\u00edvel eleitoral mas, e sobretudo, no facto da vis\u00e3o da FRELIMO ser a que orienta o debate nacional, que ocorre ao n\u00edvel da sociedade civil e em todos os segmentos do nosso Povo. <\/span><\/p>\n<p style=\"text-align: justify; line-height: 150%;\"><strong><span style=\"font-size: 14pt; line-height: 150%; font-family: 'Trebuchet MS', sans-serif;\">Caros Camaradas!<\/span><\/strong><\/p>\n<p style=\"margin-bottom: 10pt; text-align: justify; line-height: 115%;\"><span style=\"font-size: 14pt; line-height: 115%; font-family: 'Trebuchet MS', sans-serif;\">A retoma da nossa economia tem sido condicionada pelos impactos negativos de v\u00e1rios factores ex\u00f3genos, ou seja, por causas que n\u00e3o dependem de n\u00f3s. <\/span><\/p>\n<p style=\"margin-bottom: 10pt; text-align: justify; line-height: 115%;\"><span style=\"font-size: 14pt; line-height: 115%; font-family: 'Trebuchet MS', sans-serif;\">Refirimo-nos, naturalmente, ao <i>El Nino<\/i>, \u00e0 supervaloriza\u00e7\u00e3o do <i>dolar<\/i> que desvalorizou, sobremaneira, os pre\u00e7os das mat\u00e9rias-primas nos mercados internacionais, aumetando o peso das importa\u00e7\u00f5es sobre as exporta\u00e7\u00f5es, provocando um d\u00e9fice na nossa balan\u00e7a comercial, o actual espectro de desestabiliza\u00e7\u00e3o levado a cabo pela Renamo e a falta de investimentos nacionais e estrangeiros devido a decis\u00e3o das institui\u00e7\u00f5es de <strong>Breeton Woulds.<\/strong><\/span><\/p>\n<p style=\"margin-bottom: 10pt; text-align: justify; line-height: 115%;\"><span style=\"font-size: 14pt; line-height: 115%; font-family: 'Trebuchet MS', sans-serif;\">Enquanto o nosso Povo humilde, com o esp\u00edrito generoso e de labor que lhe s\u00e3o caracter\u00edsticos, puxa diariamente a locomotiva do crescimento e do desenvolvimento econ\u00f3mico, a Renamo, mais uma vez, de forma insistente, ign\u00f3bil e repudi\u00e1vel, procura, usando ilegalmente armas, ir matando o sonho de felicidade e de bem-estar colectivo dos mo\u00e7ambicanos.<\/span><\/p>\n<p style=\"margin-bottom: 10pt; text-align: justify; line-height: 115%;\"><span style=\"font-size: 14pt; line-height: 115%; font-family: 'Trebuchet MS', sans-serif;\">Todavia, mesmo perante estas adversidades, que n\u00e3o dependem de n\u00f3s, constatamos com satisfa\u00e7\u00e3o nas visitas \u00e0s prov\u00edncias, que as popula\u00e7\u00f5es t\u00eam sabido transformar as descontinuidades em desafios, auto-superando-se, aumentando a produ\u00e7\u00e3o e produtividade, seguindo as orienta\u00e7\u00f5es do Governo do nosso Partido FRELIMO.<\/span><\/p>\n<p style=\"margin-bottom: 10pt; text-align: justify; line-height: 115%;\"><span style=\"font-size: 14pt; line-height: 115%; font-family: 'Trebuchet MS', sans-serif;\">E, no conjunto da economia, os sinais t\u00eam sido prometedores, resultante dos esfor\u00e7os do Governo em promover, cada vez mais, dentro e fora do Pais, as oportunidades de investimento, aliada da nossa postura de abertura, frontalidade e coopera\u00e7\u00e3o com as institui\u00e7\u00f5es de <strong>Breeton Woulds.<\/strong><\/span><\/p>\n<p style=\"text-align: justify;\"><strong><span style=\"font-size: 14pt; font-family: 'Trebuchet MS', sans-serif;\">Caros Delegados;<\/span><\/strong><\/p>\n<p style=\"text-align: justify;\"><strong><span style=\"font-size: 14pt; font-family: 'Trebuchet MS', sans-serif;\">Estimados convidados!<\/span><\/strong><\/p>\n<p style=\"margin-bottom: 10pt; text-align: justify; line-height: 115%;\"><span style=\"font-size: 14pt; line-height: 115%; font-family: 'Trebuchet MS', sans-serif;\">Iniciamos hoje a 10\u00aa Confer\u00eancia Nacional de Quadros, \u00f3rg\u00e3o de Consulta, nos termos da al\u00ednea b) do n\u00famero 3 do artigo 61 dos Estatutos do nosso Partido.<\/span><\/p>\n<p style=\"margin-bottom: 10pt; text-align: justify; line-height: 115%;\"><span style=\"font-size: 14pt; line-height: 115%; font-family: 'Trebuchet MS', sans-serif;\">Esta Confer\u00eancia \u00e9 um laborat\u00f3rio de ideias, de boas ideais e, por isso, \u00e9 uma plantaforma ideal para se colher contribui\u00e7\u00f5es sobre como podemos continuar a engrandecer o nosso Partido.<\/span><\/p>\n<p style=\"margin-bottom: 10pt; text-align: justify; line-height: 115%;\"><span style=\"font-size: 14pt; line-height: 115%; font-family: 'Trebuchet MS', sans-serif;\">A Frelimo deve cumprir o seu papel hist\u00f3rico de Partido de Massas, Partido de vanguarda, trabalhando para a constru\u00e7\u00e3o de uma sociedade cada vez mais justa, onde os cidad\u00e3os possam realizar os seus sonhos de participar na constru\u00e7\u00e3o de um futuro colectivo de felicidade.<\/span><\/p>\n<p style=\"margin-bottom: 10pt; text-align: justify; line-height: 115%;\"><span style=\"font-size: 14pt; line-height: 115%; font-family: 'Trebuchet MS', sans-serif;\">Somos donos de um grande Partido. Partido que fez hist\u00f3ria no Pa\u00eds, na regi\u00e3o e no mundo; hist\u00f3ria da gesta libertadora; hist\u00f3ria pela emancipa\u00e7\u00e3o da Mulher, quando ainda n\u00e3o se falava da quest\u00e3o do g\u00e9nero; hist\u00f3ria do enquadramento da Juventude, bem como de um Partido que se pauta pela defesa e promo\u00e7\u00e3o dos direitos humanos, dos valores morais e \u00e9ticos, que caracterizam a nossa mo\u00e7ambicanidade.<\/span><\/p>\n<p style=\"text-align: justify; line-height: 150%;\"><span style=\"font-size: 14pt; line-height: 150%; font-family: 'Trebuchet MS', sans-serif;\">Os pr\u00f3ximos tr\u00eas anos ser\u00e3o de grandes e exaltantes desafios para o nosso Partido e para todo o Povo mo\u00e7ambicano. Assim como estamos a atravessar os dois primeiros anos do novo ciclo de Governa\u00e7\u00e3o. <\/span><\/p>\n<p style=\"text-align: justify; line-height: 150%;\"><span style=\"font-size: 14pt; line-height: 150%; font-family: 'Trebuchet MS', sans-serif;\">Realizaremos, em 2017, o D\u00e9cimo Primeiro Congresso. <\/span><\/p>\n<p style=\"text-align: justify; line-height: 150%;\"><span style=\"font-size: 14pt; line-height: 150%; font-family: 'Trebuchet MS', sans-serif;\">Em 2018 seguem-se as Elei\u00e7\u00f5es Aut\u00e1rquicas para, finalmente, em 2019, realizarmos as Elei\u00e7\u00f5es Legislativas, Presidenciais e para as Assembleias Provinciais. <\/span><\/p>\n<p style=\"text-align: justify; line-height: 150%;\"><span style=\"font-size: 14pt; line-height: 150%; font-family: 'Trebuchet MS', sans-serif;\">Como em desafios anteriores que enfrentou desde a sua constitui\u00e7\u00e3o em 1962, a FRELIMO n\u00e3o tem outra alternativa que n\u00e3o seja vencer em todas essas batalhas.<\/span><\/p>\n<p style=\"text-align: justify; line-height: 150%;\"><span style=\"font-size: 14pt; line-height: 150%; font-family: 'Trebuchet MS', sans-serif;\">Os nossos advers\u00e1rios bem quereriam emular o percurso vitorioso da FRELIMO h\u00e1 j\u00e1 mais de meio s\u00e9culo.<\/span><\/p>\n<p style=\"text-align: justify; line-height: 150%;\"><span style=\"font-size: 14pt; line-height: 150%; font-family: 'Trebuchet MS', sans-serif;\">Mas isso s\u00f3 seria poss\u00edvel em Partidos com um perfil de democracia interna semelhante ao nosso. <\/span><\/p>\n<p style=\"text-align: justify; line-height: 150%;\"><span style=\"font-size: 14pt; line-height: 150%; font-family: 'Trebuchet MS', sans-serif;\">S\u00f3 seria poss\u00edvel com Partidos com uma inser\u00e7\u00e3o popular como o nosso. <\/span><\/p>\n<p style=\"text-align: justify; line-height: 150%;\"><span style=\"font-size: 14pt; line-height: 150%; font-family: 'Trebuchet MS', sans-serif;\">S\u00f3 seria poss\u00edvel em Partidos com estruturas din\u00e2micas, entrosadas e sempre renovadas como as que caracterizam o nosso Partido. <\/span><\/p>\n<p style=\"text-align: justify; line-height: 150%;\"><span style=\"font-size: 14pt; line-height: 150%; font-family: 'Trebuchet MS', sans-serif;\">Contudo, a tend\u00eancia vencedora que at\u00e9 ao momento registamos n\u00e3o nos deve conduzir ao esp\u00edrito triunfalista. <\/span><\/p>\n<p style=\"text-align: justify; line-height: 150%;\"><span style=\"font-size: 14pt; line-height: 150%; font-family: 'Trebuchet MS', sans-serif;\">Pelo contr\u00e1rio, ela deve ser o motivo de mais empenho e permanente auto-supera\u00e7\u00e3o.<\/span><\/p>\n<p style=\"text-align: justify; line-height: 150%;\"><strong><span style=\"font-size: 14pt; line-height: 150%; font-family: 'Trebuchet MS', sans-serif;\">Camaradas!<\/span><\/strong><\/p>\n<p style=\"text-align: justify; line-height: 150%;\"><span style=\"font-size: 14pt; line-height: 150%; font-family: 'Trebuchet MS', sans-serif;\">No passado long\u00ednquo e recente, vencemos gra\u00e7as \u00e0 <strong><i>disciplina<\/i><\/strong> que nos \u00e9 caracter\u00edstica. Vencemos tamb\u00e9m gra\u00e7as \u00e0 <strong><i>coes\u00e3o <\/i><\/strong>no nosso seio.<\/span><\/p>\n<p style=\"text-align: justify; line-height: 150%;\"><span style=\"font-size: 14pt; line-height: 150%; font-family: 'Trebuchet MS', sans-serif;\">Na FRELIMO, a<strong><i> disciplina<\/i><\/strong> n\u00e3o \u00e9 um mero expediente para vencer elei\u00e7\u00f5es. Ela \u00e9 o elemento definidor da nossa organiza\u00e7\u00e3o, quer dentro, quer fora do pa\u00eds. <\/span><\/p>\n<p style=\"text-align: justify; line-height: 150%;\"><span style=\"font-size: 14pt; line-height: 150%; font-family: 'Trebuchet MS', sans-serif;\">Uma das caracteriza\u00e7\u00f5es mais comuns do nosso Partido \u00e9 a sua descri\u00e7\u00e3o como uma organiza\u00e7\u00e3o pol\u00edtica <strong><i>disciplinada. <\/i><\/strong>Disciplinada como ela se articula internamente. Disciplinada tamb\u00e9m na forma como interage com o Povo e com outros actores sociais de dentro e de fora do nosso pa\u00eds. <\/span><\/p>\n<p style=\"text-align: justify; line-height: 150%;\"><span style=\"font-size: 14pt; line-height: 150%; font-family: 'Trebuchet MS', sans-serif;\">Essas caracter\u00edsticas foram-se sedimentando desde os tempos da nossa luta pela independ\u00eancia. <\/span><\/p>\n<p style=\"text-align: justify; line-height: 150%;\"><span style=\"font-size: 14pt; line-height: 150%; font-family: 'Trebuchet MS', sans-serif;\">Neste sentido, violar as regras de <strong><i>disciplina<\/i><\/strong> deste nosso grande Partido \u00e9 atentar contra a sua singularidade, contra a sua caracter\u00edstica definidora e contra um dos seus elementos fundacionais. <\/span><\/p>\n<p style=\"text-align: justify; line-height: 150%;\"><span style=\"font-size: 14pt; line-height: 150%; font-family: 'Trebuchet MS', sans-serif;\">A pr\u00e1tica da disciplina para a Frelimo \u00e9 um acto permanente. Ao priorizarmos a Disciplina Partid\u00e1ria para 2016, quisemos trazer este elemento chave de todas as nossas vit\u00f3rias \u00e0 aten\u00e7\u00e3o dos nossos quadros, militantes, membros e simpatizantes. <\/span><\/p>\n<p style=\"text-align: justify; line-height: 150%;\"><span style=\"font-size: 14pt; line-height: 150%; font-family: 'Trebuchet MS', sans-serif;\">Quisemos reafirmar que, tal como no passado, as vit\u00f3rias de hoje e de amanh\u00e3 dependem da nossa capacidade de manter e ostentar um elevado n\u00edvel e sentido de <strong><i>disciplina. <\/i><\/strong><\/span><\/p>\n<p style=\"text-align: justify; line-height: 150%;\"><strong><i><span style=\"font-size: 14pt; line-height: 150%; font-family: 'Trebuchet MS', sans-serif;\">Disciplina<\/span><\/i><\/strong><span style=\"font-size: 14pt; line-height: 150%; font-family: 'Trebuchet MS', sans-serif;\"> Interna n\u00e3o se compadece com a intriga, com o divisionismo, com a falta de pontualidade e de entrega \u00e0s tarefas. <\/span><\/p>\n<p style=\"text-align: justify; line-height: 150%;\"><strong><i><span style=\"font-size: 14pt; line-height: 150%; font-family: 'Trebuchet MS', sans-serif;\">Disciplina <\/span><\/i><\/strong><span style=\"font-size: 14pt; line-height: 150%; font-family: 'Trebuchet MS', sans-serif;\">n\u00e3o se confunde com a maledic\u00eancia e com a falta de respeito pelos \u00f3rg\u00e3os hierarquicamente superiores ou inferiores. Ela n\u00e3o se confunde com o liberalismo. <\/span><\/p>\n<p style=\"text-align: justify; line-height: 150%;\"><span style=\"font-size: 14pt; line-height: 150%; font-family: 'Trebuchet MS', sans-serif;\">Ser disciplinado \u00e9 ter consci\u00eancia plena de que os \u00f3rg\u00e3os do Partido s\u00e3o muito mais importantes do que os nossos egos, ou do que cada um de n\u00f3s \u00e9, individualmente. <\/span><\/p>\n<p style=\"text-align: justify; line-height: 150%;\"><span style=\"font-size: 14pt; line-height: 150%; font-family: 'Trebuchet MS', sans-serif;\">Ser disciplinado \u00e9 ter a consci\u00eancia plena de que pouco valer\u00e1 sermos aplaudidos ou louvados individualmente, sobretudo se esses aplausos e esses louvores n\u00e3o se estenderem ao Partido que nos sustenta ou se contribu\u00edrem para a corros\u00e3o do seu prest\u00edgio e bom nome. A disciplina distingue-nos dos nossos inimigos. <\/span><\/p>\n<p style=\"text-align: justify; line-height: 150%;\"><span style=\"font-size: 14pt; line-height: 150%; font-family: 'Trebuchet MS', sans-serif;\">Como sempre nos recordava o saudoso Presidente Samora Machel, cujo trig\u00e9simo anivers\u00e1rio do seu desaparecimento f\u00edsico estamos a celebrar este ano e n\u00f3s citamos:<\/span><\/p>\n<p style=\"text-align: justify; line-height: 150%;\"><i><span style=\"font-size: 14pt; line-height: 150%; font-family: 'Trebuchet MS', sans-serif;\">&#8220;O inimigo pode falar a nossa l\u00edngua, vestir a nossa farda, comer da mesma maneira que n\u00f3s, pode dar vivas \u00e0 FRELIMO, at\u00e9 gritando mais do que n\u00f3s. O que ele nunca pode, n\u00e3o \u00e9 capaz, \u00e9 de ter o nosso comportamento, viver a nossa linha pol\u00edtica.&#8221;<\/span><\/i><span style=\"font-size: 14pt; line-height: 150%; font-family: 'Trebuchet MS', sans-serif;\"> Fim de cita\u00e7\u00e3o.<i><\/i><\/span><\/p>\n<p style=\"text-align: justify; line-height: 150%;\"><span style=\"font-size: 14pt; line-height: 150%; font-family: 'Trebuchet MS', sans-serif;\">H\u00e1 que usar, internamente, este conselho imortal e a partir de n\u00f3s mesmos, temos de nos auto-questionar. <\/span><\/p>\n<p style=\"text-align: justify; line-height: 150%;\"><strong><span style=\"font-size: 14pt; line-height: 150%; font-family: 'Trebuchet MS', sans-serif;\">Caros Quadros!<\/span><\/strong><\/p>\n<p style=\"text-align: justify; line-height: 150%;\"><span style=\"font-size: 14pt; line-height: 150%; font-family: 'Trebuchet MS', sans-serif;\">O outro elemento que pretendo abordar, exaustivamente, \u00e9 a <strong><i>Coes\u00e3o.<\/i><\/strong><\/span><\/p>\n<p style=\"text-align: justify; line-height: 150%;\"><span style=\"font-size: 14pt; line-height: 150%; font-family: 'Trebuchet MS', sans-serif;\">A <strong><i>coes\u00e3o<\/i><\/strong> interna \u00e9 outro elemento de base do nosso Partido. H\u00e1 coes\u00e3o interna quando os \u00f3rg\u00e3os do Partido, desde a c\u00e9lula ao congresso, funcionam de forma din\u00e2mica e harmoniosa. <\/span><\/p>\n<p style=\"text-align: justify; line-height: 150%;\"><span style=\"font-size: 14pt; line-height: 150%; font-family: 'Trebuchet MS', sans-serif;\">H\u00e1 <strong><i>coes\u00e3o<\/i><\/strong> quando o esp\u00edrito de unidade interna e de cr\u00edtica e autocr\u00edtica enformam a vida de cada quadro, de cada militante, de cada membro e de cada simpatizante do nosso Partido. <\/span><\/p>\n<p style=\"text-align: justify; line-height: 150%;\"><span style=\"font-size: 14pt; line-height: 150%; font-family: 'Trebuchet MS', sans-serif;\">A coes\u00e3o interna \u00e9 essencial para a constitui\u00e7\u00e3o de uma organiza\u00e7\u00e3o pol\u00edtica funcional e vitoriosa. Permite o sequenciamento dos seus valores, das suas ideias, da sua estrat\u00e9gia e da sua ac\u00e7\u00e3o pol\u00edtica. <\/span><\/p>\n<p style=\"text-align: justify; line-height: 150%;\"><span style=\"font-size: 14pt; line-height: 150%; font-family: 'Trebuchet MS', sans-serif;\">Facilita a compreens\u00e3o plena da miss\u00e3o e dos objectivos da organiza\u00e7\u00e3o. <\/span><\/p>\n<p style=\"text-align: justify; line-height: 150%;\"><span style=\"font-size: 14pt; line-height: 150%; font-family: 'Trebuchet MS', sans-serif;\">Quanto maior for a partilha de valores, de ideias e de objectivos entre todos os membros da FRELIMO, seremos cada vez mais coesos. <\/span><\/p>\n<p style=\"text-align: justify; line-height: 150%;\"><span style=\"font-size: 14pt; line-height: 150%; font-family: 'Trebuchet MS', sans-serif;\">Coes\u00e3o \u00e9 a convic\u00e7\u00e3o partilhada de que a diferen\u00e7a de opini\u00f5es n\u00e3o se deve constituir num elemento de divis\u00e3o, nem de suspei\u00e7\u00e3o. <\/span><\/p>\n<p style=\"text-align: justify; line-height: 150%;\"><span style=\"font-size: 14pt; line-height: 150%; font-family: 'Trebuchet MS', sans-serif;\">Antes pelo contr\u00e1rio, deve constituir-se como um elemento que fortifica o debate interno e a busca por uma vis\u00e3o comum.<\/span><\/p>\n<p style=\"text-align: justify; line-height: 150%;\"><span style=\"font-size: 14pt; line-height: 150%; font-family: 'Trebuchet MS', sans-serif;\">A coes\u00e3o conduz-nos a usar a c\u00e9lula, o c\u00edrculo, a zona, o comit\u00e9 distrital, provincial ou central para debater ideias. <\/span><\/p>\n<p style=\"text-align: justify; line-height: 150%;\"><span style=\"font-size: 14pt; line-height: 150%; font-family: 'Trebuchet MS', sans-serif;\">Parece-nos, assim, \u00f3bvio, que a disciplina e a coes\u00e3o internas se completam e s\u00e3o a chave da vit\u00f3ria nos desafios que teremos de enfrentar no futuro. <\/span><\/p>\n<p style=\"text-align: justify; line-height: 150%;\"><span style=\"font-size: 14pt; line-height: 150%; font-family: 'Trebuchet MS', sans-serif;\">S\u00e3o a chave para continuarmos relevantes como Partido de Mudan\u00e7a e como int\u00e9rpretes das aspira\u00e7\u00f5es mais profundas do nosso povo. <\/span><\/p>\n<p style=\"text-align: justify; line-height: 150%;\"><span style=\"font-size: 14pt; line-height: 150%; font-family: 'Trebuchet MS', sans-serif;\">S\u00e3o a chave para sabermos dar conte\u00fado pr\u00e1tico ao que o povo mo\u00e7ambicano espera de n\u00f3s quando diz que quer produzir para vencer a fome, quando diz que quer vencer a pobreza, quando diz que quer trabalhar para o seu bem-estar. <\/span><\/p>\n<p style=\"text-align: justify; line-height: 150%;\"><span style=\"font-size: 14pt; line-height: 150%; font-family: 'Trebuchet MS', sans-serif;\">Estas demandas dos mo\u00e7ambicanos ter\u00e3o, obviamente, em cada momento, um conte\u00fado espec\u00edfico. <\/span><\/p>\n<p style=\"text-align: justify; line-height: 150%;\"><span style=\"font-size: 14pt; line-height: 150%; font-family: 'Trebuchet MS', sans-serif;\">S\u00f3 um Partido disciplinado e coeso pode apreender o sentido din\u00e2mico destas aspira\u00e7\u00f5es.<\/span><\/p>\n<p style=\"text-align: justify; line-height: 150%;\"><strong><span style=\"font-size: 14pt; line-height: 150%; font-family: 'Trebuchet MS', sans-serif;\">Distintos Quadros;<\/span><\/strong><\/p>\n<p style=\"text-align: justify; line-height: 150%;\"><strong><span style=\"font-size: 14pt; line-height: 150%; font-family: 'Trebuchet MS', sans-serif;\">Meus Camaradas!<\/span><\/strong><\/p>\n<p style=\"text-align: justify; line-height: 150%;\"><span style=\"font-size: 14pt; line-height: 150%; font-family: 'Trebuchet MS', sans-serif;\">O nosso Povo estar\u00e1 atento \u00e0 maneira como abordamos os seus anseios por um pa\u00eds cada vez mais unido, uno e indivis\u00edvel. <\/span><\/p>\n<p style=\"text-align: justify; line-height: 150%;\"><span style=\"font-size: 14pt; line-height: 150%; font-family: 'Trebuchet MS', sans-serif;\">Por um pa\u00eds de paz, por um pa\u00eds que se mobiliza para reduzir substancialmente o custo de vida, promovendo o desenvolvimento econ\u00f3mico, rumo a um bem-estar crescente. <\/span><\/p>\n<p style=\"text-align: justify; line-height: 150%;\"><span style=\"font-size: 14pt; line-height: 150%; font-family: 'Trebuchet MS', sans-serif;\">Por um pa\u00eds que, para consolidar a democracia e o esp\u00edrito de inclus\u00e3o, pretende continuar a aprofundar o debate nacional sobre a <strong><i>descentraliza\u00e7\u00e3o.<\/i><\/strong><\/span><\/p>\n<p style=\"text-align: justify; line-height: 150%;\"><span style=\"font-size: 14pt; line-height: 150%; font-family: 'Trebuchet MS', sans-serif;\">A preocupa\u00e7\u00e3o dos mo\u00e7ambicanos pela Unidade Nacional reside na compreens\u00e3o plena de que tudo aquilo porque ansiamos, para n\u00f3s pr\u00f3prios e para as gera\u00e7\u00f5es vindouras, s\u00f3 ser\u00e1 conquistado se formos uma na\u00e7\u00e3o cada vez mais unida. <\/span><\/p>\n<p style=\"text-align: justify; line-height: 150%;\"><span style=\"font-size: 14pt; line-height: 150%; font-family: 'Trebuchet MS', sans-serif;\">A Unidade Nacional \u00e9 a arma fundamental que nos foi legada pelos precursores e obreiros da nossa nacionalidade. <\/span><\/p>\n<p style=\"text-align: justify; line-height: 150%;\"><span style=\"font-size: 14pt; line-height: 150%; font-family: 'Trebuchet MS', sans-serif;\">Ela funda-se na concep\u00e7\u00e3o de que as nossas diferen\u00e7as e particularidades locais s\u00e3o como as flores multicolores que embelezam o jardim que pretendemos que a nossa p\u00e1tria seja. <\/span><\/p>\n<p style=\"text-align: justify; line-height: 150%;\"><span style=\"font-size: 14pt; line-height: 150%; font-family: 'Trebuchet MS', sans-serif;\">Um jardim belo que nos inspira a lutar pelos nossos anseios de progresso. Jardim que nos inspira a lutar pelo nosso desenvolvimento rumo ao bem-estar. O jardim multicolor que queremos que a nossa p\u00e1tria seja, inspira-nos a lutar pela paz. <\/span><\/p>\n<p style=\"text-align: justify; line-height: 150%;\"><span style=\"font-size: 14pt; line-height: 150%; font-family: 'Trebuchet MS', sans-serif;\">Paz que \u00e9 o maior clamor, a maior exig\u00eancia de todos os mo\u00e7ambicanos, do Rovuma ao Maputo e do Zumbo ao \u00cdndico. <\/span><\/p>\n<p style=\"text-align: justify; line-height: 150%;\"><span style=\"font-size: 14pt; line-height: 150%; font-family: 'Trebuchet MS', sans-serif;\">Na verdade, quando por um pequeno grupo, vidas de mo\u00e7ambicanos s\u00e3o impiedosamente ceifadas, plantando luto e dor nas nossas fam\u00edlias;<\/span><\/p>\n<p style=\"text-align: justify; line-height: 150%;\"><span style=\"font-size: 14pt; line-height: 150%; font-family: 'Trebuchet MS', sans-serif;\">Quando a livre circula\u00e7\u00e3o de pessoas e bens \u00e9 diariamente amea\u00e7ada, tornando a vida dos mo\u00e7ambicanos mais dif\u00edcil, quando a produ\u00e7\u00e3o e presta\u00e7\u00e3o de servi\u00e7os t\u00eam de ser feitas em condi\u00e7\u00f5es de risco de vida;<\/span><\/p>\n<p style=\"text-align: justify; line-height: 150%;\"><span style=\"font-size: 14pt; line-height: 150%; font-family: 'Trebuchet MS', sans-serif;\">Quando a comercializa\u00e7\u00e3o agr\u00edcola e pesqueira \u00e9 bloqueada pelos ataques armados de um grupo de indiv\u00edduos, quando os produtos, bens e servi\u00e7os se tornam mais caros, dificultando a vida do nosso Povo, n\u00e3o h\u00e1 como esta quest\u00e3o da Paz n\u00e3o constituir uma preocupa\u00e7\u00e3o nacional. <\/span><\/p>\n<p style=\"text-align: justify; line-height: 150%;\"><span style=\"font-size: 14pt; line-height: 150%; font-family: 'Trebuchet MS', sans-serif;\">A FRELIMO tem que discutir e recomendar solu\u00e7\u00f5es que nos possam conduzir a uma Paz efectiva e devolver o sossego e a tranquilidade ao Povo mo\u00e7ambicano.<\/span><\/p>\n<p style=\"text-align: justify; line-height: 150%;\"><span style=\"font-size: 14pt; line-height: 150%; font-family: 'Trebuchet MS', sans-serif;\">Neste nosso discurso inicial, queremos manifestar a nossa mais profunda solidariedade para com as v\u00edtimas dos ataques da Renamo, inimiga da Paz e do progresso em Mo\u00e7ambique. <\/span><\/p>\n<p style=\"text-align: justify; line-height: 150%;\"><span style=\"font-size: 14pt; line-height: 150%; font-family: 'Trebuchet MS', sans-serif;\">A nossa postura de tolerantes e dialogantes contrasta, marcadamente, com a postura belicista da Renamo inimigo da Paz e do progresso em Mo\u00e7ambique. <\/span><\/p>\n<p style=\"text-align: justify; line-height: 150%;\"><span style=\"font-size: 14pt; line-height: 150%; font-family: 'Trebuchet MS', sans-serif;\">A Renamo assumiu publicamente uma postura de generaliza\u00e7\u00e3o do conflito, para agudizar, mais ainda, o sofrimento do Povo. <\/span><\/p>\n<p style=\"text-align: justify; line-height: 150%;\"><span style=\"font-size: 14pt; line-height: 150%; font-family: 'Trebuchet MS', sans-serif;\">Como um Partido de paz que somos, como um Partido comprometido com a seguran\u00e7a e tranquilidade do nosso Povo, como um Partido com responsabilidades governativas, temos o dever de repor a PAZ.<\/span><\/p>\n<p style=\"text-align: justify; line-height: 150%;\"><span style=\"font-size: 14pt; line-height: 150%; font-family: 'Trebuchet MS', sans-serif;\">O sentido respons\u00e1vel que nos move ao di\u00e1logo, a nossa toler\u00e2ncia e a paci\u00eancia, n\u00e3o deve significar nunca o receio de defender esta p\u00e1tria que libertamos com muito sacrif\u00edcio.<\/span><\/p>\n<p style=\"text-align: justify; line-height: 150%;\"><span style=\"font-size: 14pt; line-height: 150%; font-family: 'Trebuchet MS', sans-serif;\">A Paz sim, mas n\u00e3o a qualquer pre\u00e7o. A tarifa da nossa Paz est\u00e1 na nossa Lei M\u00e3e, na Constitui\u00e7\u00e3o da Rep\u00fablica e nas demais leis.<\/span><\/p>\n<p style=\"text-align: justify; line-height: 150%;\"><strong><span style=\"font-size: 14pt; line-height: 150%; font-family: 'Trebuchet MS', sans-serif;\">Caros camaradas!<\/span><\/strong><\/p>\n<p style=\"text-align: justify; line-height: 150%;\"><span style=\"font-size: 14pt; line-height: 150%; font-family: 'Trebuchet MS', sans-serif;\">A FRELIMO liderou todas as transforma\u00e7\u00f5es positivas que ocorreram na vida do nosso Povo nas \u00faltimas cinco d\u00e9cadas. <\/span><\/p>\n<p style=\"text-align: justify; line-height: 150%;\"><span style=\"font-size: 14pt; line-height: 150%; font-family: 'Trebuchet MS', sans-serif;\">A FRELIMO foi pioneira e tem sido campe\u00e3 da <strong><i>descentraliza\u00e7\u00e3o <\/i><\/strong>pol\u00edtica e econ\u00f3mica no nosso pa\u00eds. <\/span><\/p>\n<p style=\"text-align: justify; line-height: 150%;\"><span style=\"font-size: 14pt; line-height: 150%; font-family: 'Trebuchet MS', sans-serif;\">Ela dever\u00e1 continuar a liderar, e de forma inclusiva, o debate sobre o aprofundamento da <strong><i>descentraliza\u00e7\u00e3o<\/i><\/strong>. Este \u00e9 o caminho para continuarmos alinhados com as expectativas do nosso Povo. <\/span><\/p>\n<p style=\"text-align: justify; line-height: 150%;\"><span style=\"font-size: 14pt; line-height: 150%; font-family: 'Trebuchet MS', sans-serif;\">A autarciza\u00e7\u00e3o, que come\u00e7ou com 33 munic\u00edpios, e agora j\u00e1 vai nos 53, foi postulada pelo nosso Partido. <\/span><\/p>\n<p style=\"text-align: justify; line-height: 150%;\"><span style=\"font-size: 14pt; line-height: 150%; font-family: 'Trebuchet MS', sans-serif;\">A institucionaliza\u00e7\u00e3o das Assembleias Provinciais resultou tamb\u00e9m da determina\u00e7\u00e3o da FRELIMO num exerc\u00edcio da inclus\u00e3o de segmentos cada vez mais amplos de mo\u00e7ambicanos na busca de solu\u00e7\u00f5es para os assuntos nacionais. <\/span><\/p>\n<p style=\"text-align: justify; line-height: 150%;\"><span style=\"font-size: 14pt; line-height: 150%; font-family: 'Trebuchet MS', sans-serif;\">Na Assembleia da Rep\u00fablica, a Bancada da Frelimo, a nossa Bancada, tem estado na linha da vanguarda na cria\u00e7\u00e3o de novos distritos, para aproximar a administra\u00e7\u00e3o p\u00fablica aos cidad\u00e3os e dinamizar o desenvolvimento local. <\/span><\/p>\n<p style=\"text-align: justify; line-height: 150%;\"><span style=\"font-size: 14pt; line-height: 150%; font-family: 'Trebuchet MS', sans-serif;\">Temos a consci\u00eancia de que as transforma\u00e7\u00f5es pol\u00edticas, econ\u00f3micas e sociais que t\u00eam estado a ocorrer em Mo\u00e7ambique aconselham que, em cada momento, avaliemos se o ritmo da <strong><i>descentraliza\u00e7\u00e3o <\/i><\/strong>e o seu formato correspondem ao est\u00e1gio da nossa realidade e aos interesses do Povo. <\/span><\/p>\n<p style=\"text-align: justify; line-height: 150%;\"><span style=\"font-size: 14pt; line-height: 150%; font-family: 'Trebuchet MS', sans-serif;\">N\u00f3s, na FRELIMO, n\u00e3o temos nenhum tabu, em rela\u00e7\u00e3o a esta e a outras mat\u00e9rias de grande import\u00e2ncia na vida do nosso povo. <\/span><\/p>\n<p style=\"text-align: justify; line-height: 150%;\"><span style=\"font-size: 14pt; line-height: 150%; font-family: 'Trebuchet MS', sans-serif;\">O que sempre faremos \u00e9 respeitar a nossa hist\u00f3ria, os passos firmes que demos no processo de implanta\u00e7\u00e3o de Mo\u00e7ambique como um Pa\u00eds livre, independente, soberano e democr\u00e1tico.<\/span><\/p>\n<p style=\"text-align: justify; line-height: 150%;\"><span style=\"font-size: 14pt; line-height: 150%; font-family: 'Trebuchet MS', sans-serif;\">Naturalmente, advogamos e defendemos o princ\u00edpio de que a <strong><i>descentraliza\u00e7\u00e3o <\/i><\/strong>deve ocorrer, e pode ser aprofundada, com a salvaguarda do sentido unit\u00e1rio do nosso Estado. <\/span><\/p>\n<p style=\"text-align: justify; line-height: 150%;\"><span style=\"font-size: 14pt; line-height: 150%; font-family: 'Trebuchet MS', sans-serif;\">Os mo\u00e7ambicanos estiveram, sempre, irmanados nos sacrif\u00edcios e nas vit\u00f3rias. <\/span><\/p>\n<p style=\"text-align: justify; line-height: 150%;\"><span style=\"font-size: 14pt; line-height: 150%; font-family: 'Trebuchet MS', sans-serif;\">As conquistas de uns, s\u00e3o conquistas de todos. As dores de uns, s\u00e3o dores de todos.<\/span><\/p>\n<p style=\"text-align: justify; line-height: 150%;\"><span style=\"font-size: 14pt; line-height: 150%; font-family: 'Trebuchet MS', sans-serif;\">Sabemos que os mo\u00e7ambicanos n\u00e3o partilham de nenhuma vis\u00e3o sect\u00e1ria em rela\u00e7\u00e3o \u00e0 economia, em rela\u00e7\u00e3o \u00e0s suas riquezas, em rela\u00e7\u00e3o \u00e0s suas conquistas e, tamb\u00e9m, em rela\u00e7\u00e3o aos seus infort\u00fanios. <\/span><\/p>\n<p style=\"text-align: justify; line-height: 150%;\"><span style=\"font-size: 14pt; line-height: 150%; font-family: 'Trebuchet MS', sans-serif;\">Devendo, naturalmente, servir as regi\u00f5es onde as riquezas e os recursos de Mo\u00e7ambique est\u00e3o localizadas ou de onde s\u00e3o colectados, eles devem, tamb\u00e9m concorrer, para melhorar a vida e o bem-estar dos mo\u00e7ambicanos de todo o pa\u00eds.<\/span><\/p>\n<p style=\"text-align: justify; line-height: 150%;\"><span style=\"font-size: 14pt; line-height: 150%; font-family: 'Trebuchet MS', sans-serif;\">A <strong><i>descentraliza\u00e7\u00e3o<\/i><\/strong> dever\u00e1, pois, responder \u00e0 quest\u00e3o da redu\u00e7\u00e3o das desigualdades sociais, desequil\u00edbrios e assimetrias regionais. <\/span><\/p>\n<p style=\"text-align: justify; line-height: 150%;\"><span style=\"font-size: 14pt; line-height: 150%; font-family: 'Trebuchet MS', sans-serif;\">A <strong><i>descentraliza\u00e7\u00e3o <\/i><\/strong>dever\u00e1 contribuir para a promo\u00e7\u00e3o da justi\u00e7a social, para a cria\u00e7\u00e3o de oportunidades iguais e maior transpar\u00eancia na distribui\u00e7\u00e3o da riqueza.<\/span><\/p>\n<p style=\"text-align: justify; line-height: 150%;\"><strong><span style=\"font-size: 14pt; line-height: 150%; font-family: 'Trebuchet MS', sans-serif;\">Camaradas!<\/span><\/strong><\/p>\n<p style=\"text-align: justify; line-height: 150%;\"><span style=\"font-size: 14pt; line-height: 150%; font-family: 'Trebuchet MS', sans-serif;\">O nosso grande Partido est\u00e1 tamb\u00e9m presente em pa\u00edses onde se congrega a di\u00e1spora mo\u00e7ambicana. <\/span><\/p>\n<p style=\"text-align: justify; line-height: 150%;\"><span style=\"font-size: 14pt; line-height: 150%; font-family: 'Trebuchet MS', sans-serif;\">O mesmo entusiasmo que caracterizou este movimento renovador que culmina com esta Confer\u00eancia Nacional de Quadros, esteve presente em algumas c\u00e9lulas, c\u00edrculos e em estruturas do Partido dos nossos compatriotas que vivem fora das fronteiras nacionais. <\/span><\/p>\n<p style=\"text-align: justify; line-height: 150%;\"><span style=\"font-size: 14pt; line-height: 150%; font-family: 'Trebuchet MS', sans-serif;\">Queremos, pois, saudar a todos os mo\u00e7ambicanos na di\u00e1spora pela sua inabal\u00e1vel mo\u00e7ambicanidade. <\/span><\/p>\n<p style=\"text-align: justify; line-height: 150%;\"><span style=\"font-size: 14pt; line-height: 150%; font-family: 'Trebuchet MS', sans-serif;\">Queremos saud\u00e1-los pela liga\u00e7\u00e3o simbi\u00f3tica que mant\u00eam com a P\u00e1tria-M\u00e3e. <\/span><\/p>\n<p style=\"text-align: justify; line-height: 150%;\"><span style=\"font-size: 14pt; line-height: 150%; font-family: 'Trebuchet MS', sans-serif;\">O nosso pa\u00eds n\u00e3o seria completo, sem a contribui\u00e7\u00e3o da sua di\u00e1spora, no seu crescimento e desenvolvimento.<\/span><\/p>\n<p style=\"text-align: justify; line-height: 150%;\"><strong><span style=\"font-size: 14pt; line-height: 150%; font-family: 'Trebuchet MS', sans-serif;\">Caros Quadros da FRELIMO;<\/span><\/strong><\/p>\n<p style=\"text-align: justify; line-height: 150%;\"><strong><span style=\"font-size: 14pt; line-height: 150%; font-family: 'Trebuchet MS', sans-serif;\">Meus Camaradas!<\/span><\/strong><\/p>\n<p style=\"text-align: justify; line-height: 150%;\"><span style=\"font-size: 14pt; line-height: 150%; font-family: 'Trebuchet MS', sans-serif;\">O nosso Partido encontra-se numa fase de transi\u00e7\u00e3o geracional da sua lideran\u00e7a.<\/span><\/p>\n<p style=\"text-align: justify; line-height: 150%;\"><span style=\"font-size: 14pt; line-height: 150%; font-family: 'Trebuchet MS', sans-serif;\">\u00c9 mais um exerc\u00edcio interno de aceita\u00e7\u00e3o e\/ou de realiza\u00e7\u00e3o. <\/span><\/p>\n<p style=\"text-align: justify; line-height: 150%;\"><span style=\"font-size: 14pt; line-height: 150%; font-family: 'Trebuchet MS', sans-serif;\">Resistimos tenta\u00e7\u00f5es nos ciclos passados que vivemos em diferentes contextos. <\/span><\/p>\n<p style=\"text-align: justify; line-height: 150%;\"><span style=\"font-size: 14pt; line-height: 150%; font-family: 'Trebuchet MS', sans-serif;\">Vivemos a guerra contra o colonialismo, a guerra movida pelo regime minorit\u00e1rio da Rod\u00e9sia do Sul e vivemos a guerra movida pela Renamo. Hoje continuamos desestabilizados pela mesma Renamo.<\/span><\/p>\n<p style=\"text-align: justify; line-height: 150%;\"><span style=\"font-size: 14pt; line-height: 150%; font-family: 'Trebuchet MS', sans-serif;\">Passamos por crises econ\u00f3micas mais dif\u00edceis, mas a FRELIMO nunca vergou, soube sempre estar, soube gerir transi\u00e7\u00f5es, com virtude e grande mestria. Este \u00e9 o grande m\u00e9rito do nosso cinquenten\u00e1rio Partido.<\/span><\/p>\n<p style=\"text-align: justify; line-height: 150%;\"><span style=\"font-size: 14pt; line-height: 150%; font-family: 'Trebuchet MS', sans-serif;\">Gerir correctamente a transi\u00e7\u00e3o geracional \u00e9 uma outra experiencia. Ela exige uma grande pondera\u00e7\u00e3o e paci\u00eancia a todos n\u00f3s, isto \u00e9, a gera\u00e7\u00e3o que passa e a gera\u00e7\u00e3o que recebe o legado. Exige uma prepara\u00e7\u00e3o de todos, pois n\u00e3o se trata da prova para a avalia\u00e7\u00e3o da efici\u00eancia do passado ou do presente. <\/span><\/p>\n<p style=\"text-align: justify; line-height: 150%;\"><span style=\"font-size: 14pt; line-height: 150%; font-family: 'Trebuchet MS', sans-serif;\">Trata-se do exerc\u00edcio que visa a manuten\u00e7\u00e3o da efici\u00eancia e efic\u00e2cia da nossa FRELIMO. Por isso, todos n\u00f3s devemos trabalhar para o sucesso deste projecto da Frelimo que neste c\u00edclo foi lan\u00e7ado.<\/span><\/p>\n<p style=\"margin-bottom: 10pt; text-align: justify; line-height: 115%;\"><span style=\"font-size: 14pt; line-height: 115%; font-family: 'Trebuchet MS', sans-serif;\">Nesta Confer\u00eancia vamos ter como agenda principal, o estudo e debate da Proposta de Teses ao 11\u00ba Congresso do nosso Partido. <\/span><\/p>\n<p style=\"margin-bottom: 10pt; text-align: justify; line-height: 115%;\"><span style=\"font-size: 14pt; line-height: 115%; font-family: 'Trebuchet MS', sans-serif;\">Teses que versam sobre quest\u00f5es de import\u00e2ncia fundamental para a vida do Partido e do Pa\u00eds.<\/span><\/p>\n<p style=\"margin-bottom: 10pt; text-align: justify; line-height: 115%;\"><span style=\"font-size: 14pt; line-height: 115%; font-family: 'Trebuchet MS', sans-serif;\">Por isso, em termos metodol\u00f3gicos, as Teses ser\u00e3o as linhas orientadoras da ac\u00e7\u00e3o do Partido e do Estado para os pr\u00f3ximos 5 anos, ap\u00f3s a realiza\u00e7\u00e3o do 11\u00ba Congresso. <\/span><\/p>\n<p style=\"margin-bottom: 10pt; text-align: justify; line-height: 115%;\"><span style=\"font-size: 14pt; line-height: 115%; font-family: 'Trebuchet MS', sans-serif;\">Neste contexto, ser\u00e3o a base para a elabora\u00e7\u00e3o do Programa e para a revis\u00e3o dos Estatutos do Partido, de modo a adequ\u00e1-los \u00e0 realidade pol\u00edtica, econ\u00f3mica e s\u00f3cio-cultural do nosso Pa\u00eds.<\/span><\/p>\n<p style=\"text-align: justify; line-height: 150%;\"><span style=\"font-size: 14pt; line-height: 150%; font-family: 'Trebuchet MS', sans-serif;\">Com este naipe de quadros esperamos que se gerem debates francos, de forma aberta e honesta, com o cond\u00e3o de permitir a elabora\u00e7\u00e3o de uma proposta de teses mais consent\u00e2neas com as aspira\u00e7\u00f5es dos mo\u00e7ambicanos. <\/span><\/p>\n<p style=\"text-align: justify; line-height: 150%;\"><strong><span style=\"font-size: 14pt; line-height: 150%; font-family: 'Trebuchet MS', sans-serif;\">Com estas palavras<\/span><\/strong><span style=\"font-size: 14pt; line-height: 150%; font-family: 'Trebuchet MS', sans-serif;\"> temos a honra de Declarar aberta a D\u00e9cima Confer\u00eancia Nacional de Quadros do Partido Frelimo.<\/span><\/p>\n<p style=\"text-align: justify; line-height: 150%;\"><span style=\"font-size: 14pt; line-height: 150%; font-family: 'Trebuchet MS', sans-serif;\">FRELIMO Hoyee!<\/span><\/p>\n<p style=\"text-align: justify; line-height: 150%;\"><span style=\"font-size: 14pt; line-height: 150%; font-family: 'Trebuchet MS', sans-serif;\">Obrigado pela aten\u00e7\u00e3o Camaradas.<\/span><\/p>\n<p style=\"text-align: justify; line-height: 150%;\"><span style=\"font-size: 14pt; line-height: 150%; font-family: 'Trebuchet MS', sans-serif;\"><span style=\"color: #1d2129; font-family: helvetica, arial, sans-serif; font-size: 14px; text-align: justify;\">{mp3}DiscursoPR.MP3{\/mp3}<\/span><\/span><\/p>\n","protected":false},"excerpt":{"rendered":"<p>FRELIMO: Refor\u00e7ando a disciplina interna e coes\u00e3o rumo \u00e0 novas vit\u00f3rias Discurso do Camarada Presidente da FRELIMO, Filipe Jacinto Nyusi, por ocasi\u00e3o da abertura da D\u00e9cima Confer\u00eancia Nacional de Quadros. &nbsp; Matola, 01 deOutubro de 2016 Camarada Secret\u00e1rio-Geral da FRELIMO; Camaradas Membros da Comiss\u00e3o Pol\u00edtica; Camarada Armando Em\u00edlio Guebuza, Antigo Presidente da FRELIMO; Camaradas Membros &hellip;<\/p>\n","protected":false},"author":1,"featured_media":0,"comment_status":"open","ping_status":"open","sticky":false,"template":"","format":"standard","meta":{"_jetpack_memberships_contains_paid_content":false,"footnotes":""},"categories":[4],"tags":[],"class_list":["post-1496","post","type-post","status-publish","format-standard","hentry","category-outras"],"jetpack_featured_media_url":"","jetpack_sharing_enabled":true,"_links":{"self":[{"href":"https:\/\/www.frelimo.org.mz\/index.php?rest_route=\/wp\/v2\/posts\/1496","targetHints":{"allow":["GET"]}}],"collection":[{"href":"https:\/\/www.frelimo.org.mz\/index.php?rest_route=\/wp\/v2\/posts"}],"about":[{"href":"https:\/\/www.frelimo.org.mz\/index.php?rest_route=\/wp\/v2\/types\/post"}],"author":[{"embeddable":true,"href":"https:\/\/www.frelimo.org.mz\/index.php?rest_route=\/wp\/v2\/users\/1"}],"replies":[{"embeddable":true,"href":"https:\/\/www.frelimo.org.mz\/index.php?rest_route=%2Fwp%2Fv2%2Fcomments&post=1496"}],"version-history":[{"count":0,"href":"https:\/\/www.frelimo.org.mz\/index.php?rest_route=\/wp\/v2\/posts\/1496\/revisions"}],"wp:attachment":[{"href":"https:\/\/www.frelimo.org.mz\/index.php?rest_route=%2Fwp%2Fv2%2Fmedia&parent=1496"}],"wp:term":[{"taxonomy":"category","embeddable":true,"href":"https:\/\/www.frelimo.org.mz\/index.php?rest_route=%2Fwp%2Fv2%2Fcategories&post=1496"},{"taxonomy":"post_tag","embeddable":true,"href":"https:\/\/www.frelimo.org.mz\/index.php?rest_route=%2Fwp%2Fv2%2Ftags&post=1496"}],"curies":[{"name":"wp","href":"https:\/\/api.w.org\/{rel}","templated":true}]}}