{"id":1490,"date":"2016-09-26T22:00:00","date_gmt":"2016-09-26T22:00:00","guid":{"rendered":"https:\/\/www.frelimo.org.mz\/?p=1490"},"modified":"2016-09-26T22:00:00","modified_gmt":"2016-09-26T22:00:00","slug":"um-distrito-um-banco-diz-camarada-filipe-jacinto-nyusi","status":"publish","type":"post","link":"https:\/\/www.frelimo.org.mz\/?p=1490","title":{"rendered":"UM DISTRITO, UM BANCO DIZ CAMARADA FILIPE JACINTO NYUSI."},"content":{"rendered":"<p style=\"margin: 6px 0px; font-family: helvetica, arial, sans-serif; color: #1d2129; font-size: 14px;\">Nestes moldes, importa ainda referir que, depois da sua chegada do Camarada Victor Borges ao distrito de Nacala, hoje 27 de Setembro de 2016 segundo a tang\u00eancia governativa, no peri\u00f3do da tarde prosseguiu com as actividades tendo inaugurado o balc\u00e3o<\/p>\n<p><!--more--><\/p>\n<p style=\"margin: 6px 0px; font-family: helvetica, arial, sans-serif; color: #1d2129; font-size: 14px;\">de atendimento bancario do Standard Bank, uma ag\u00eancia localizada na cidade baixa ou seja depois do registo e notariado.<\/p>\n<p style=\"margin: 6px 0px; font-family: helvetica, arial, sans-serif; color: #1d2129; font-size: 14px;\">Como soubemos a governa\u00e7\u00e3o da FRELIMO \u00e9 aberta, parti<span class=\"text_exposed_show\" style=\"display: inline; font-family: inherit;\">cipativa e inclusiva, onde o nosso compromisso \u00e9 com o povo, o nosso maior patr\u00e3o.<\/span><\/p>\n<div class=\"text_exposed_show\" style=\"display: inline; font-family: helvetica, arial, sans-serif; color: #1d2129; font-size: 14px;\">\n<p style=\"margin: 0px 0px 6px; font-family: inherit;\">E como soubemos Nacala-Porto \u00e9 uma zona econ\u00f3mica especial (ZEE) e com \u00e1guas profundas e lugar de grandes neg\u00f3cios e o governo da FRELIMO d\u00e1 a resposta imediata conforme as necessidades do nosso povo.<\/p>\n<p style=\"margin: 6px 0px; font-family: inherit;\">As imagens falam por si, onde revelam momentos verdadeiros e das interven\u00e7\u00f5es, foto familiar e com todos protocolos observados.<\/p>\n<p style=\"margin: 6px 0px; font-family: inherit;\">Com a FRELIMO e Nyusi Unidos, mo\u00e7ambique avan\u00e7a..<\/p>\n<\/div>\n","protected":false},"excerpt":{"rendered":"<p>Nestes moldes, importa ainda referir que, depois da sua chegada do Camarada Victor Borges ao distrito de Nacala, hoje 27 de Setembro de 2016 segundo a tang\u00eancia governativa, no peri\u00f3do da tarde prosseguiu com as actividades tendo inaugurado o balc\u00e3o de atendimento bancario do Standard Bank, uma ag\u00eancia localizada na cidade baixa ou seja depois &hellip;<\/p>\n","protected":false},"author":1,"featured_media":0,"comment_status":"open","ping_status":"open","sticky":false,"template":"","format":"standard","meta":{"_jetpack_memberships_contains_paid_content":false,"footnotes":""},"categories":[4],"tags":[],"class_list":["post-1490","post","type-post","status-publish","format-standard","hentry","category-outras"],"jetpack_featured_media_url":"","jetpack_sharing_enabled":true,"_links":{"self":[{"href":"https:\/\/www.frelimo.org.mz\/index.php?rest_route=\/wp\/v2\/posts\/1490","targetHints":{"allow":["GET"]}}],"collection":[{"href":"https:\/\/www.frelimo.org.mz\/index.php?rest_route=\/wp\/v2\/posts"}],"about":[{"href":"https:\/\/www.frelimo.org.mz\/index.php?rest_route=\/wp\/v2\/types\/post"}],"author":[{"embeddable":true,"href":"https:\/\/www.frelimo.org.mz\/index.php?rest_route=\/wp\/v2\/users\/1"}],"replies":[{"embeddable":true,"href":"https:\/\/www.frelimo.org.mz\/index.php?rest_route=%2Fwp%2Fv2%2Fcomments&post=1490"}],"version-history":[{"count":0,"href":"https:\/\/www.frelimo.org.mz\/index.php?rest_route=\/wp\/v2\/posts\/1490\/revisions"}],"wp:attachment":[{"href":"https:\/\/www.frelimo.org.mz\/index.php?rest_route=%2Fwp%2Fv2%2Fmedia&parent=1490"}],"wp:term":[{"taxonomy":"category","embeddable":true,"href":"https:\/\/www.frelimo.org.mz\/index.php?rest_route=%2Fwp%2Fv2%2Fcategories&post=1490"},{"taxonomy":"post_tag","embeddable":true,"href":"https:\/\/www.frelimo.org.mz\/index.php?rest_route=%2Fwp%2Fv2%2Ftags&post=1490"}],"curies":[{"name":"wp","href":"https:\/\/api.w.org\/{rel}","templated":true}]}}