{"id":1459,"date":"2016-09-12T15:13:33","date_gmt":"2016-09-12T15:13:33","guid":{"rendered":"https:\/\/www.frelimo.org.mz\/?p=1459"},"modified":"2016-09-12T15:13:33","modified_gmt":"2016-09-12T15:13:33","slug":"presidente-da-republica-indica-ministro-pedro-couto-para-o-representar-na-posse-do-presidente-eleito-da-zambia","status":"publish","type":"post","link":"https:\/\/www.frelimo.org.mz\/?p=1459","title":{"rendered":"PRESIDENTE DA REP\u00daBLICA INDICA MINISTRO PEDRO COUTO  PARA O REPRESENTAR NA POSSE DO PRESIDENTE ELEITO DA Z\u00c2MBIA"},"content":{"rendered":"<p style=\"text-align: center;\" align=\"center\"><strong><span style=\"font-size: 14pt; font-family: 'Century Gothic', sans-serif;\">PRESIDENTE DA REP\u00daBLICA INDICA MINISTRO PEDRO COUTO<\/span><\/strong><\/p>\n<p style=\"text-align: center;\" align=\"center\"><strong><span style=\"font-size: 14pt; font-family: 'Century Gothic', sans-serif;\">PARA O REPRESENTAR NA POSSE DO PRESIDENTE ELEITO DA Z\u00c2MBIA<\/span><\/strong><\/p>\n<p style=\"text-align: justify;\"><span style=\"font-size: 14pt; font-family: 'Century Gothic', sans-serif;\">MAPUTO, 12 DE SETEMBRO DE 2016 &#8211; O Presidente da Rep\u00fablica, <strong>Filipe Jacinto Nyusi<\/strong> indicou o Ministro dos Recursos Minerais e Energia, <strong>Pedro Concei\u00e7\u00e3o Couto<\/strong>, para o<\/span><\/p>\n<p><!--more--><\/p>\n<p style=\"text-align: justify;\"><span style=\"font-size: 14pt; font-family: 'Century Gothic', sans-serif;\">representar na cerim\u00f3nia de Tomada de Posse do Presidente Eleito da Rep\u00fablica da Z\u00e2mbia, <strong>Edgar Lungu<\/strong>, a ter lugar amanh\u00e3, dia 13 de Setembro de 2016.<\/span><\/p>\n<p style=\"text-align: justify;\"><span style=\"font-size: 14pt; font-family: 'Century Gothic', sans-serif;\">Edgar Lungu, candidato da Frente Patri\u00f3tica (FP), foi declarado vencedor das elei\u00e7\u00f5es presidenciais de 11 de Agosto de 2016, com 50,3% de votos, validadas a 5 de Setembro corrente pelo Tribunal Constitucional da Z\u00e2mbia. <strong>(GI)<\/strong><\/span><\/p>\n","protected":false},"excerpt":{"rendered":"<p>PRESIDENTE DA REP\u00daBLICA INDICA MINISTRO PEDRO COUTO PARA O REPRESENTAR NA POSSE DO PRESIDENTE ELEITO DA Z\u00c2MBIA MAPUTO, 12 DE SETEMBRO DE 2016 &#8211; O Presidente da Rep\u00fablica, Filipe Jacinto Nyusi indicou o Ministro dos Recursos Minerais e Energia, Pedro Concei\u00e7\u00e3o Couto, para o representar na cerim\u00f3nia de Tomada de Posse do Presidente Eleito da &hellip;<\/p>\n","protected":false},"author":1,"featured_media":0,"comment_status":"open","ping_status":"open","sticky":false,"template":"","format":"standard","meta":{"_jetpack_memberships_contains_paid_content":false,"footnotes":""},"categories":[4],"tags":[],"class_list":["post-1459","post","type-post","status-publish","format-standard","hentry","category-outras"],"jetpack_featured_media_url":"","jetpack_sharing_enabled":true,"_links":{"self":[{"href":"https:\/\/www.frelimo.org.mz\/index.php?rest_route=\/wp\/v2\/posts\/1459","targetHints":{"allow":["GET"]}}],"collection":[{"href":"https:\/\/www.frelimo.org.mz\/index.php?rest_route=\/wp\/v2\/posts"}],"about":[{"href":"https:\/\/www.frelimo.org.mz\/index.php?rest_route=\/wp\/v2\/types\/post"}],"author":[{"embeddable":true,"href":"https:\/\/www.frelimo.org.mz\/index.php?rest_route=\/wp\/v2\/users\/1"}],"replies":[{"embeddable":true,"href":"https:\/\/www.frelimo.org.mz\/index.php?rest_route=%2Fwp%2Fv2%2Fcomments&post=1459"}],"version-history":[{"count":0,"href":"https:\/\/www.frelimo.org.mz\/index.php?rest_route=\/wp\/v2\/posts\/1459\/revisions"}],"wp:attachment":[{"href":"https:\/\/www.frelimo.org.mz\/index.php?rest_route=%2Fwp%2Fv2%2Fmedia&parent=1459"}],"wp:term":[{"taxonomy":"category","embeddable":true,"href":"https:\/\/www.frelimo.org.mz\/index.php?rest_route=%2Fwp%2Fv2%2Fcategories&post=1459"},{"taxonomy":"post_tag","embeddable":true,"href":"https:\/\/www.frelimo.org.mz\/index.php?rest_route=%2Fwp%2Fv2%2Ftags&post=1459"}],"curies":[{"name":"wp","href":"https:\/\/api.w.org\/{rel}","templated":true}]}}