{"id":1441,"date":"2016-09-06T08:34:02","date_gmt":"2016-09-06T08:34:02","guid":{"rendered":"https:\/\/www.frelimo.org.mz\/?p=1441"},"modified":"2016-09-06T08:34:02","modified_gmt":"2016-09-06T08:34:02","slug":"maternidade-modelo-tambem-para-massinga","status":"publish","type":"post","link":"https:\/\/www.frelimo.org.mz\/?p=1441","title":{"rendered":"Maternidade-modelo tamb\u00e9m para Massinga"},"content":{"rendered":"<p style=\"margin: 6px 0px; font-family: helvetica, arial, sans-serif; color: #1d2129; font-size: 14px; line-height: 19.32px;\">Inhambane tornou-se s\u00e1bado passado a primeira prov\u00edncia no pa\u00eds a ter tr\u00eas maternidades-modelo, com a certifica\u00e7\u00e3o da maternidade do Hospital Rural da Massinga. O acto foi dirigido pela Primeira-Dama, Isaura Nyusi.<\/p>\n<p><!--more--><\/p>\n<p style=\"margin: 6px 0px; font-family: helvetica, arial, sans-serif; color: #1d2129; font-size: 14px; line-height: 19.32px;\">&nbsp;<\/p>\n<p style=\"margin: 6px 0px; font-family: helvetica, arial, sans-serif; color: #1d2129; font-size: 14px; line-height: 19.32px;\">Aquela unidade de atendimento a mulheres gr\u00e1vidas em servi\u00e7o de parto, atingiu este t\u00edtulo merc\u00ea da satisfa\u00e7\u00e3o dos termos de refer\u00eancia para o efeito, sobretudo na humaniza\u00e7\u00e3o dos cuidados sanit\u00e1rios naquele sector.<\/p>\n<p style=\"margin: 6px 0px; font-family: helvetica, arial, sans-serif; color: #1d2129; font-size: 14px; line-height: 19.32px;\">A iniciativa do reconhecimento das maternidades com padr\u00f5es de qualidade no atendimento aos pacientes foi lan\u00e7ada pelo Minist\u00e9rio de Sa\u00fade em 2009. Na prov\u00edncia de Inhambane, depois das maternidades de Quissico, distrito de Zavala, e Vilankulo, certificadas no ano passado, Massinga juntou-se a estas duas no s\u00e1bado passado, depois de uma avalia\u00e7\u00e3o positiva nesse sentido.<\/p>\n<p style=\"margin: 6px 0px; font-family: helvetica, arial, sans-serif; color: #1d2129; font-size: 14px; line-height: 19.32px;\"><img loading=\"lazy\" decoding=\"async\" class=\" alignleft size-full wp-image-1440\" style=\"margin: 5px; float: left;\" src=\"https:\/\/www.frelimo.org.mz\/\/wp-content\/uploads\/2016\/09\/14184562_1307386559295753_4267165572303256563_n.jpg\" alt=\"14184562 1307386559295753 4267165572303256563 n\" width=\"575\" height=\"383\" \/>Isaura Nyusi reconheceu na atribui\u00e7\u00e3o do certificado de maternidade da Massinga a import\u00e2ncia da iniciativa do resgate dos valores morais que guiam a mobiliza\u00e7\u00e3o da comunidade para a sua maior participa\u00e7\u00e3o nos processos de gest\u00e3o das unidades sanit\u00e1rias.<\/p>\n<p style=\"margin: 6px 0px; font-family: helvetica, arial, sans-serif; color: #1d2129; font-size: 14px; line-height: 19.32px;\">Disse que na frente da implementa\u00e7\u00e3o com sucesso do programa est\u00e1 a prov\u00edncia de Inhambane, pelo seu comprometimento em melhorar cada vez mais na sa\u00fade da popula\u00e7\u00e3o, esfor\u00e7o que se justifica pelo facto de ser a primeira prov\u00edncia no pa\u00eds a ter tr\u00eas maternidades-modelo e uma enfermaria-modelo.<\/p>\n<p style=\"margin: 6px 0px; font-family: helvetica, arial, sans-serif; color: #1d2129; font-size: 14px; line-height: 19.32px;\">Mesmo assim Isaura Nyusi disse haver enormes desafios para que todas as maternidades do pa\u00eds sejam reconhecidas como tendo altos padr\u00f5es de qualidade, estando envolvidas na iniciativa 125 unidades sanit\u00e1rias do pa\u00eds, das quais nove j\u00e1 s\u00e3o reconhecidas publicamente.<\/p>\n<p style=\"margin: 6px 0px; font-family: helvetica, arial, sans-serif; color: #1d2129; font-size: 14px; line-height: 19.32px;\">\u201cEstamos cientes da necessidade de melhorar cada vez mais o atendimento nas nossas unidades sanit\u00e1rias, promovendo qualidade de atendimento dos cuidados aos cidad\u00e3os. A humaniza\u00e7\u00e3o dos servi\u00e7os de sa\u00fade n\u00e3o \u00e9 uma utopia, mas sim uma realidade, com acredita\u00e7\u00e3o de mais uma unidade sanit\u00e1ria no pa\u00eds\u201d, sublinhou a Primeira-Dama.<\/p>\n<p style=\"margin: 6px 0px; font-family: helvetica, arial, sans-serif; color: #1d2129; font-size: 14px; line-height: 19.32px;\">Intervindo na cerim\u00f3nia, Carlos Sitoe, director dos Servi\u00e7os Distritais da Mulher e Ac\u00e7\u00e3o Social, referiu que, com a acredita\u00e7\u00e3o daquela maternidade \u00e9 uma grande responsabilidade para o sector da Sa\u00fade naquele distrito, pois h\u00e1 necessidade de manter o ganho, tratando cada vez melhor as parturientes e os utentes, em geral, com humanismo, servindo-se de espelho e exemplo para outras unidades sanit\u00e1rias.<\/p>\n<p style=\"margin: 6px 0px; font-family: helvetica, arial, sans-serif; color: #1d2129; font-size: 14px; line-height: 19.32px;\">Fundado em 1956, funcionando com apenas dois blocos, o reconhecimento da maternidade do Hospital Distrital da Massinga deve-se ao facto de aquele unidade sanit\u00e1ria responder com satisfa\u00e7\u00e3o dois tipos de avalia\u00e7\u00e3o, sendo sendo uma interna e outra externa, com pouco mais de 60 por cento dos n\u00edveis exigidos de qualidade no que diz respeito, ao n\u00edvel de atendimento humanizado, ser campo de est\u00e1gio para Sa\u00fade Materno-Infantil, disponibilidade de recursos, qualidade das infra-estruturas, dentre outras, uma iniciativa aderida em Massinga em 2012.<\/p>\n<p style=\"margin: 6px 0px; font-family: helvetica, arial, sans-serif; color: #1d2129; font-size: 14px; line-height: 19.32px;\">O Hospital Distrital da Massinga tem 95 camas, sendo 28 na mais nova maternidade-modelo do pa\u00eds, com uma taxa de ocupa\u00e7\u00e3o de 47 por cento. Em m\u00e9dia aquela maternidade realiza seis partos por dia, de acordo com o relat\u00f3rio do primeiro trimestre de 2016. Trabalham naquela maternidade 25 profissionais, sendo cinco serventes, 14 enfermeiros de Sa\u00fade Materno-Infantil do n\u00edvel m\u00e9dio, dois do n\u00edvel superior, dois licenciados em cirurgia e tr\u00eas m\u00e9dicos de cl\u00ednica geral.<\/p>\n<p style=\"margin: 6px 0px; font-family: helvetica, arial, sans-serif; color: #1d2129; font-size: 14px; line-height: 19.32px;\">No encerramento da cerim\u00f3nia da certifica\u00e7\u00e3o daquela maternidade Isaura Nyusi ofereceu seis enxovais a igual n\u00famero de beb\u00e9s que nasceram naquela maternidade.<\/p>\n<p style=\"margin: 6px 0px; font-family: helvetica, arial, sans-serif; color: #1d2129; font-size: 14px; line-height: 19.32px;\">Todavia, o desafio foi lan\u00e7ando \u00e0 maternidade do Hospital Rural de Chicuque, na cidade de Maxixe, para que seja a pr\u00f3xima a ser acreditada como modelo naquela prov\u00edncia do sul de Mo\u00e7ambique.<\/p>\n<p style=\"margin: 6px 0px 0px; display: inline; font-family: helvetica, arial, sans-serif; color: #1d2129; font-size: 14px; line-height: 19.32px;\">Tom\u00e1s Menete(Colabora\u00e7\u00e3o)<\/p>\n","protected":false},"excerpt":{"rendered":"<p>Inhambane tornou-se s\u00e1bado passado a primeira prov\u00edncia no pa\u00eds a ter tr\u00eas maternidades-modelo, com a certifica\u00e7\u00e3o da maternidade do Hospital Rural da Massinga. O acto foi dirigido pela Primeira-Dama, Isaura Nyusi. &nbsp; Aquela unidade de atendimento a mulheres gr\u00e1vidas em servi\u00e7o de parto, atingiu este t\u00edtulo merc\u00ea da satisfa\u00e7\u00e3o dos termos de refer\u00eancia para o &hellip;<\/p>\n","protected":false},"author":1,"featured_media":1440,"comment_status":"open","ping_status":"open","sticky":false,"template":"","format":"standard","meta":{"_jetpack_memberships_contains_paid_content":false,"footnotes":""},"categories":[4],"tags":[],"class_list":["post-1441","post","type-post","status-publish","format-standard","has-post-thumbnail","hentry","category-outras"],"jetpack_featured_media_url":"https:\/\/www.frelimo.org.mz\/wp-content\/uploads\/2016\/09\/14184562_1307386559295753_4267165572303256563_n.jpg","jetpack_sharing_enabled":true,"_links":{"self":[{"href":"https:\/\/www.frelimo.org.mz\/index.php?rest_route=\/wp\/v2\/posts\/1441","targetHints":{"allow":["GET"]}}],"collection":[{"href":"https:\/\/www.frelimo.org.mz\/index.php?rest_route=\/wp\/v2\/posts"}],"about":[{"href":"https:\/\/www.frelimo.org.mz\/index.php?rest_route=\/wp\/v2\/types\/post"}],"author":[{"embeddable":true,"href":"https:\/\/www.frelimo.org.mz\/index.php?rest_route=\/wp\/v2\/users\/1"}],"replies":[{"embeddable":true,"href":"https:\/\/www.frelimo.org.mz\/index.php?rest_route=%2Fwp%2Fv2%2Fcomments&post=1441"}],"version-history":[{"count":0,"href":"https:\/\/www.frelimo.org.mz\/index.php?rest_route=\/wp\/v2\/posts\/1441\/revisions"}],"wp:featuredmedia":[{"embeddable":true,"href":"https:\/\/www.frelimo.org.mz\/index.php?rest_route=\/wp\/v2\/media\/1440"}],"wp:attachment":[{"href":"https:\/\/www.frelimo.org.mz\/index.php?rest_route=%2Fwp%2Fv2%2Fmedia&parent=1441"}],"wp:term":[{"taxonomy":"category","embeddable":true,"href":"https:\/\/www.frelimo.org.mz\/index.php?rest_route=%2Fwp%2Fv2%2Fcategories&post=1441"},{"taxonomy":"post_tag","embeddable":true,"href":"https:\/\/www.frelimo.org.mz\/index.php?rest_route=%2Fwp%2Fv2%2Ftags&post=1441"}],"curies":[{"name":"wp","href":"https:\/\/api.w.org\/{rel}","templated":true}]}}