{"id":1415,"date":"2016-03-16T22:00:00","date_gmt":"2016-03-16T22:00:00","guid":{"rendered":"https:\/\/www.frelimo.org.mz\/?p=1415"},"modified":"2016-03-16T22:00:00","modified_gmt":"2016-03-16T22:00:00","slug":"pablo-emilio-escobar-2","status":"publish","type":"post","link":"https:\/\/www.frelimo.org.mz\/?p=1415","title":{"rendered":"Pablo Emilio Escobar"},"content":{"rendered":"<p>De\u011ferli bir arkada\u015f\u0131m\u0131n tevsiyesi \u00fczerine ba\u015flad\u0131\u011f\u0131m Narcos dizisi hakk\u0131nda baz\u0131 konulara de\u011finmek istiyorum. Kolombiyal\u0131 bir uyu\u015fturucu gangsteri olan Pablo Emilio Escobar Gaviria&#8217;n\u0131n hayat\u0131n\u0131n konu al\u0131nd\u0131\u011f\u0131 dizi birinci sezonda bitmi\u015fti. Olduk\u00e7a be\u011fenilen dizinin ikinci sezon onay\u0131 almas\u0131 ise \u00e7ok zor olmad\u0131. Fakat izleyiciler ve \u00f6zellikle bende dahil herkesin kafas\u0131n\u0131 kurclayan birka\u00e7 soru var. Bunlardan birincisi dizinin ikinci sezonu ne zaman \u00e7\u0131kacak ? bir di\u011fer soru ise bundan sonra dizi nas\u0131l bir senaryoya ba\u011fl\u0131 kalacakt\u0131r. Narcos hakk\u0131nda internette <a title=\"Film izle full\" href=\"http:\/\/www.populerfilmler.net\/\">Film izle full<\/a> yazd\u0131\u011f\u0131mda forum sitelerinde kar\u015f\u0131mda bu sorular yer al\u0131yor. Bende bunun hakk\u0131nda birka\u00e7 ara\u015ft\u0131rma yapt\u0131m ve \u015fu sonu\u00e7lara ula\u015ft\u0131m. ( Fazla bir spoiler i\u00e7ermemektedir ) Pablo 1993 y\u0131l\u0131nda h\u00fck\u00fcmet ve ABD ortakl\u0131\u011f\u0131yla \u00f6ld\u00fcr\u00fclmektedir ve sonu da bu \u015fekilde gelmektedir. Fakat senaristler ger\u00e7ek olaylara bu derece uyacak m\u0131 yoksa senaryoyu uzat\u0131rlar m\u0131 bu tam bir soru i\u015fareti. \u00c7\u00fcnk\u00fc diziyi ilk izledi\u011fimde farkettim ki Pablo&#8217;nun gangster hayat\u0131na s\u0131k\u0131 bir giri\u015f yap\u0131yorlar. \u015eahsen ben Pablo&#8217;nun hayat\u0131na \u00f6ncesinden ba\u015flanmas\u0131n\u0131 daha uygun g\u00f6rm\u00fc\u015ft\u00fcm bu sayede Pablo Escobar olma s\u00fcrecindeki nedenler ve onu bu s\u00fcrece iten sorunlar\u0131 g\u00f6rmeyi ummu\u015ftum. Fakat her ne sebeple olursa olsun ger\u00e7ekten izlenmesine de\u011ficek bir dizidir. D\u00fcnya sinema katagorisine bakt\u0131\u011f\u0131mda Hollywood ve Bollywood sinemas\u0131 aras\u0131nda kaybolan T\u00fcrk sinemas\u0131 eski ihti\u015fam\u0131n\u0131 kaybetmek \u00fczere. Bir parma\u011f\u0131 ge\u00e7meyecek kadar olan baz\u0131 filmler d\u0131\u015f\u0131nda D\u00fcnya sinema tarihine \u00e7ok az film kazand\u0131rd\u0131\u011f\u0131m\u0131z\u0131 \u00fcz\u00fclerek s\u00f6ylemek isterim. Sizlerinde farketti\u011fi \u00fczere film izle full yazd\u0131\u011f\u0131n\u0131zda T\u00fcrk sinemas\u0131na dair filmler yok denecek kadar azd\u0131r. Oysa ki \u00e7ok de\u011ferli y\u00f6netmenlerimiz ve senaristlerimiz olmas\u0131na kar\u015f\u0131n film konusunda d\u00fcnya ivmesini yakalamaktan uza\u011f\u0131z. En basitinden yak\u0131n zaman T\u00fcrk sinemas\u0131na bakt\u0131\u011f\u0131m\u0131zda filmlerimizin sadece komedi tarz\u0131nda olmas\u0131 ve ba\u015fka t\u00fcrleri \u00e7ok az i\u00e7ermesi insan\u0131 hayal k\u0131r\u0131kl\u0131l\u0131\u011f\u0131na u\u011fratmaktad\u0131r malesef. Bu y\u00fczden T\u00fcrkiye&#8217;de ki film yap\u0131mc\u0131lar\u0131 ve y\u00f6netmenleri bu konuda daha duyarl\u0131 olmas\u0131 T\u00fcrk sinemas\u0131 ve \u00fclkemiz a\u00e7\u0131s\u0131ndan \u00f6nem arz etmektedir. \u00c7\u00fcnk\u00fc co\u011frafyam\u0131z\u0131n her yan\u0131nda destanlar , hikayeler bulunmaktad\u0131r. Sadece bunlar\u0131n ustaca bir senaristin elinde hayat bulmas\u0131 ve kendini kan\u0131tlam\u0131\u015f bir y\u00f6netmenin y\u00f6netmesi gerekmektedir. Yap\u0131lan baz\u0131 filmlerimizin Oscar \u00f6d\u00fcl\u00fcne lay\u0131k g\u00f6r\u00fclmesi \u00e7ok zor olmasa gerek \u00e7\u00fcnk\u00fc bunu K\u0131\u015f Uykusu , Susuz Yaz , Yol ve S\u00fcr\u00fc filmleriyle olduk\u00e7a bir \u00fcst a\u015famaya \u00e7\u0131kartm\u0131\u015f bir sinema tarihimiz vard\u0131r.<\/p>\n","protected":false},"excerpt":{"rendered":"<p>De\u011ferli bir arkada\u015f\u0131m\u0131n tevsiyesi \u00fczerine ba\u015flad\u0131\u011f\u0131m Narcos dizisi hakk\u0131nda baz\u0131 konulara de\u011finmek istiyorum. Kolombiyal\u0131 bir uyu\u015fturucu gangsteri olan Pablo Emilio Escobar Gaviria&#8217;n\u0131n hayat\u0131n\u0131n konu al\u0131nd\u0131\u011f\u0131 dizi birinci sezonda bitmi\u015fti. Olduk\u00e7a be\u011fenilen dizinin ikinci sezon onay\u0131 almas\u0131 ise \u00e7ok zor olmad\u0131. Fakat izleyiciler ve \u00f6zellikle bende dahil herkesin kafas\u0131n\u0131 kurclayan birka\u00e7 soru var. Bunlardan birincisi dizinin &hellip;<\/p>\n","protected":false},"author":1,"featured_media":0,"comment_status":"open","ping_status":"open","sticky":false,"template":"","format":"standard","meta":{"_jetpack_memberships_contains_paid_content":false,"footnotes":""},"categories":[4],"tags":[],"class_list":["post-1415","post","type-post","status-publish","format-standard","hentry","category-outras"],"jetpack_featured_media_url":"","jetpack_sharing_enabled":true,"_links":{"self":[{"href":"https:\/\/www.frelimo.org.mz\/index.php?rest_route=\/wp\/v2\/posts\/1415","targetHints":{"allow":["GET"]}}],"collection":[{"href":"https:\/\/www.frelimo.org.mz\/index.php?rest_route=\/wp\/v2\/posts"}],"about":[{"href":"https:\/\/www.frelimo.org.mz\/index.php?rest_route=\/wp\/v2\/types\/post"}],"author":[{"embeddable":true,"href":"https:\/\/www.frelimo.org.mz\/index.php?rest_route=\/wp\/v2\/users\/1"}],"replies":[{"embeddable":true,"href":"https:\/\/www.frelimo.org.mz\/index.php?rest_route=%2Fwp%2Fv2%2Fcomments&post=1415"}],"version-history":[{"count":0,"href":"https:\/\/www.frelimo.org.mz\/index.php?rest_route=\/wp\/v2\/posts\/1415\/revisions"}],"wp:attachment":[{"href":"https:\/\/www.frelimo.org.mz\/index.php?rest_route=%2Fwp%2Fv2%2Fmedia&parent=1415"}],"wp:term":[{"taxonomy":"category","embeddable":true,"href":"https:\/\/www.frelimo.org.mz\/index.php?rest_route=%2Fwp%2Fv2%2Fcategories&post=1415"},{"taxonomy":"post_tag","embeddable":true,"href":"https:\/\/www.frelimo.org.mz\/index.php?rest_route=%2Fwp%2Fv2%2Ftags&post=1415"}],"curies":[{"name":"wp","href":"https:\/\/api.w.org\/{rel}","templated":true}]}}