{"id":1391,"date":"2016-07-26T13:58:35","date_gmt":"2016-07-26T13:58:35","guid":{"rendered":"https:\/\/www.frelimo.org.mz\/?p=1391"},"modified":"2016-07-26T13:58:35","modified_gmt":"2016-07-26T13:58:35","slug":"presidente-da-republica-exonera-vice-chefe-do-estado-maior-general-das-fadm","status":"publish","type":"post","link":"https:\/\/www.frelimo.org.mz\/?p=1391","title":{"rendered":"PRESIDENTE DA REP\u00daBLICA EXONERA VICE-CHEFE DO ESTADO MAIOR GENERAL DAS FADM"},"content":{"rendered":"<p style=\"text-align: justify;\"><span style=\"font-size: 14pt; font-family: 'Century Gothic', sans-serif;\">MAPUTO, 26 de JULHO DE 2016 \u2013 O Presidente da Rep\u00fablica, <strong>Filipe Jacinto Nyusi<\/strong>, no uso das compet\u00eancias que lhe s\u00e3o conferidas pela al\u00ednea e), do artigo 161 da<\/span><\/p>\n<p><!--more--><\/p>\n<p style=\"text-align: justify;\"><span style=\"font-size: 14pt; font-family: 'Century Gothic', sans-serif;\"> Constitui\u00e7\u00e3o da Rep\u00fablica, conjugada com a al\u00ednea c), do artigo 30 da Lei n\u00ba 18\/97, de 01 de Outubro, e com o n\u00ba 3 do artigo 9 da Estrutura Org\u00e2nica das For\u00e7as Armadas de Defesa de Mo\u00e7ambique, ouvido o Conselho Nacional de Defesa e Seguran\u00e7a, exonerou, atrav\u00e9s de Despacho Presidencial, <strong>Ol\u00edmpio Cardoso Caisse Cambona<\/strong> do cargo de <strong>Vice-Chefe do Estado-Maior General das For\u00e7as Armadas de Defesa de Mo\u00e7ambique (FADM). <\/strong>(GI)<\/span><\/p>\n","protected":false},"excerpt":{"rendered":"<p>MAPUTO, 26 de JULHO DE 2016 \u2013 O Presidente da Rep\u00fablica, Filipe Jacinto Nyusi, no uso das compet\u00eancias que lhe s\u00e3o conferidas pela al\u00ednea e), do artigo 161 da Constitui\u00e7\u00e3o da Rep\u00fablica, conjugada com a al\u00ednea c), do artigo 30 da Lei n\u00ba 18\/97, de 01 de Outubro, e com o n\u00ba 3 do artigo &hellip;<\/p>\n","protected":false},"author":1,"featured_media":0,"comment_status":"open","ping_status":"open","sticky":false,"template":"","format":"standard","meta":{"_jetpack_memberships_contains_paid_content":false,"footnotes":""},"categories":[4],"tags":[],"class_list":["post-1391","post","type-post","status-publish","format-standard","hentry","category-outras"],"jetpack_featured_media_url":"","jetpack_sharing_enabled":true,"_links":{"self":[{"href":"https:\/\/www.frelimo.org.mz\/index.php?rest_route=\/wp\/v2\/posts\/1391","targetHints":{"allow":["GET"]}}],"collection":[{"href":"https:\/\/www.frelimo.org.mz\/index.php?rest_route=\/wp\/v2\/posts"}],"about":[{"href":"https:\/\/www.frelimo.org.mz\/index.php?rest_route=\/wp\/v2\/types\/post"}],"author":[{"embeddable":true,"href":"https:\/\/www.frelimo.org.mz\/index.php?rest_route=\/wp\/v2\/users\/1"}],"replies":[{"embeddable":true,"href":"https:\/\/www.frelimo.org.mz\/index.php?rest_route=%2Fwp%2Fv2%2Fcomments&post=1391"}],"version-history":[{"count":0,"href":"https:\/\/www.frelimo.org.mz\/index.php?rest_route=\/wp\/v2\/posts\/1391\/revisions"}],"wp:attachment":[{"href":"https:\/\/www.frelimo.org.mz\/index.php?rest_route=%2Fwp%2Fv2%2Fmedia&parent=1391"}],"wp:term":[{"taxonomy":"category","embeddable":true,"href":"https:\/\/www.frelimo.org.mz\/index.php?rest_route=%2Fwp%2Fv2%2Fcategories&post=1391"},{"taxonomy":"post_tag","embeddable":true,"href":"https:\/\/www.frelimo.org.mz\/index.php?rest_route=%2Fwp%2Fv2%2Ftags&post=1391"}],"curies":[{"name":"wp","href":"https:\/\/api.w.org\/{rel}","templated":true}]}}