{"id":1381,"date":"2016-07-18T14:20:35","date_gmt":"2016-07-18T14:20:35","guid":{"rendered":"https:\/\/www.frelimo.org.mz\/?p=1381"},"modified":"2016-07-18T14:20:35","modified_gmt":"2016-07-18T14:20:35","slug":"cplp-unida-por-uma-visao-de-futuro-comum","status":"publish","type":"post","link":"https:\/\/www.frelimo.org.mz\/?p=1381","title":{"rendered":"CPLP UNIDA POR UMA VIS\u00c3O DE FUTURO COMUM"},"content":{"rendered":"<p style=\"margin: 6px 0px; color: #1d2129; font-family: helvetica, arial, sans-serif; font-size: 14px; text-align: justify;\">Afirma o Presidente da Rep\u00fablica, Filipe Nyusi, em mensagem por ocasi\u00e3o da passagem ontem dos 20 anos da cria\u00e7\u00e3o da organiza\u00e7\u00e3o.<\/p>\n<p style=\"margin: 6px 0px; color: #1d2129; font-family: helvetica, arial, sans-serif; font-size: 14px; text-align: justify;\">O Presidente da Rep\u00fablica, Filipe Nyusi, enviou uma mensagem de felicita\u00e7\u00f5es ao Secret\u00e1rio Executivo da Comunidade dos Pa\u00edses de L\u00edngua Portuguesa (CPLP), Murade Isaac Murargy, pela passagem ontem dos 20 anos da cria\u00e7\u00e3o desta organiza\u00e7\u00e3o.&nbsp;<\/p>\n<div class=\"text_exposed_show\" style=\"display: inline; color: #1d2129; font-family: helvetica, arial, sans-serif; font-size: 14px;\">\n<p style=\"margin: 0px 0px 6px; text-align: justify;\">\u201cExcelent\u00edssimo Senhor Secret\u00e1rio-Executivo,<\/p>\n<p style=\"margin: 6px 0px; text-align: justify;\">Tenho o privil\u00e9gio e o orgulho de endere\u00e7ar a todos os Estados-Membros e aos povos da CPLP, as minhas mais calorosas felicita\u00e7\u00f5es pela celebra\u00e7\u00e3o, hoje, 17 de Julho de 2016, dos 20 anos desta organiza\u00e7\u00e3o pluri-continental. Mo\u00e7ambique, membro-fundador, regozija-se pelos resultados alcan\u00e7ados ao longo destas duas d\u00e9cadas. S\u00e3o realiza\u00e7\u00f5es que resultam do trabalho \u00e1rduo e determinado, motivadas por uma enorme vontade de dar vitalidade aos valores e princ\u00edpios que nortearam a cria\u00e7\u00e3o da CPLP. Unidos por uma l\u00edngua e por um passado partilhado, e por uma vis\u00e3o de futuro comum, fizemos das nossas rela\u00e7\u00f5es de amizade e solidariedade um instrumento de concerta\u00e7\u00e3o pol\u00edtico-diplom\u00e1tica em prol dos objectivos tra\u00e7ados. Com efeito, de \u00c1frica, da \u00c1sia, Europa e Am\u00e9rica super\u00e1mos a nossa descontinuidade geogr\u00e1fica e consolid\u00e1mo-nos como uma Organiza\u00e7\u00e3o com uma palavra a dizer no concerto das na\u00e7\u00f5es.<\/p>\n<p style=\"margin: 6px 0px; text-align: justify;\">Hoje, orgulh\u00e1mo-nos por termos transcendido a nossa agenda das quest\u00f5es essencialmente hist\u00f3rico-lingu\u00edsticas para factores de paz, progresso e bem-estar s\u00f3cio-cultural dos nossos povos. Com a mesma determina\u00e7\u00e3o, continuamos empenhados em superar desafios, elevando a nossa Organiza\u00e7\u00e3o para novos patamares.<\/p>\n<p style=\"margin: 6px 0px; text-align: justify;\">Como mo\u00e7ambicanos, congratulamo-nos por t\u00ea-lo a si, nosso compatriota, como servidor humilde e abnegado na fun\u00e7\u00e3o de Secret\u00e1rio Executivo da CPLP.<\/p>\n<p style=\"margin: 6px 0px; text-align: justify;\">Queira aceitar, Senhor Secret\u00e1rio Executivo, os nossos renovados votos de muitos sucessos na sua miss\u00e3o.<\/p>\n<p style=\"margin: 6px 0px; text-align: justify;\">Parab\u00e9ns CPLP!<\/p>\n<p style=\"margin: 6px 0px; text-align: justify;\">O Presidente da Rep\u00fablica<\/p>\n<p style=\"margin: 6px 0px; text-align: justify;\">Filipe Jacinto Nyusi\u201d<\/p>\n<\/div>\n","protected":false},"excerpt":{"rendered":"<p>Afirma o Presidente da Rep\u00fablica, Filipe Nyusi, em mensagem por ocasi\u00e3o da passagem ontem dos 20 anos da cria\u00e7\u00e3o da organiza\u00e7\u00e3o. O Presidente da Rep\u00fablica, Filipe Nyusi, enviou uma mensagem de felicita\u00e7\u00f5es ao Secret\u00e1rio Executivo da Comunidade dos Pa\u00edses de L\u00edngua Portuguesa (CPLP), Murade Isaac Murargy, pela passagem ontem dos 20 anos da cria\u00e7\u00e3o desta &hellip;<\/p>\n","protected":false},"author":1,"featured_media":0,"comment_status":"open","ping_status":"open","sticky":false,"template":"","format":"standard","meta":{"_jetpack_memberships_contains_paid_content":false,"footnotes":""},"categories":[4],"tags":[],"class_list":["post-1381","post","type-post","status-publish","format-standard","hentry","category-outras"],"jetpack_featured_media_url":"","jetpack_sharing_enabled":true,"_links":{"self":[{"href":"https:\/\/www.frelimo.org.mz\/index.php?rest_route=\/wp\/v2\/posts\/1381","targetHints":{"allow":["GET"]}}],"collection":[{"href":"https:\/\/www.frelimo.org.mz\/index.php?rest_route=\/wp\/v2\/posts"}],"about":[{"href":"https:\/\/www.frelimo.org.mz\/index.php?rest_route=\/wp\/v2\/types\/post"}],"author":[{"embeddable":true,"href":"https:\/\/www.frelimo.org.mz\/index.php?rest_route=\/wp\/v2\/users\/1"}],"replies":[{"embeddable":true,"href":"https:\/\/www.frelimo.org.mz\/index.php?rest_route=%2Fwp%2Fv2%2Fcomments&post=1381"}],"version-history":[{"count":0,"href":"https:\/\/www.frelimo.org.mz\/index.php?rest_route=\/wp\/v2\/posts\/1381\/revisions"}],"wp:attachment":[{"href":"https:\/\/www.frelimo.org.mz\/index.php?rest_route=%2Fwp%2Fv2%2Fmedia&parent=1381"}],"wp:term":[{"taxonomy":"category","embeddable":true,"href":"https:\/\/www.frelimo.org.mz\/index.php?rest_route=%2Fwp%2Fv2%2Fcategories&post=1381"},{"taxonomy":"post_tag","embeddable":true,"href":"https:\/\/www.frelimo.org.mz\/index.php?rest_route=%2Fwp%2Fv2%2Ftags&post=1381"}],"curies":[{"name":"wp","href":"https:\/\/api.w.org\/{rel}","templated":true}]}}