{"id":1379,"date":"2016-07-15T11:32:12","date_gmt":"2016-07-15T11:32:12","guid":{"rendered":"https:\/\/www.frelimo.org.mz\/?p=1379"},"modified":"2016-07-15T11:32:12","modified_gmt":"2016-07-15T11:32:12","slug":"presidente-da-republica-participa-em-kigali-na-cimeira-da-uniao-africana","status":"publish","type":"post","link":"https:\/\/www.frelimo.org.mz\/?p=1379","title":{"rendered":"PRESIDENTE DA REP\u00daBLICA PARTICIPA EM KIGALI NA CIMEIRA DA UNI\u00c3O AFRICANA"},"content":{"rendered":"<p>MAPUTO, 15 DE JULHO DE 2016 \u2013 O Presidente da Rep\u00fablica, Filipe Jacinto Nyusi, participa de 17 a 18 de Julho de 2016, em Kigali, capital do Ruanda, na 27\u00aa Sess\u00e3o Ordin\u00e1ria da Confer\u00eancia de Chefes de Estado e de Governo da Uni\u00e3o Africa, que se realiza sob o lema \u201c2016: Ano Africano dos Direitos Humanos, com particular destaque para os Direitos da Mulher\u201d.<\/p>\n<p><!--more--><\/p>\n<p>&nbsp;<\/p>\n<p>A presente Cimeira ser\u00e1 marcada pelas celebra\u00e7\u00f5es do 35\u00ba anivers\u00e1rio da adop\u00e7\u00e3o da Carta Africana e do 13\u00ba anivers\u00e1rio do Protocolo de Maputo, que reafirma o compromisso com a igualdade de g\u00e9nero no continente.<\/p>\n<p>Durante o evento, os Chefes de Estado e de Governo desta organiza\u00e7\u00e3o continental v\u00e3o igualmente eleger os membros dos \u00f3rg\u00e3os da Uni\u00e3o Africana, designadamente o Presidente da Comiss\u00e3o, o Vice-Presidente da Comiss\u00e3o, comiss\u00e1rios, bem como ju\u00edzes do Tribunal Africano dos Direitos Humanos e dos Povos.<\/p>\n<p>Nesta desloca\u00e7\u00e3o, o Presidente Nyusi far-se-\u00e1 acompanhar pela Esposa, Isaura Ferr\u00e3o Nyusi; pelos Ministros dos Neg\u00f3cios Estrangeiros e Coopera\u00e7\u00e3o, Oldemiro Bal\u00f3i; do G\u00e9nero, Crian\u00e7a e Ac\u00e7\u00e3o Social,<br \/>Cid\u00e1lia Manuel Cha\u00faque; da Justi\u00e7a, Assuntos Constitucionais e Religiosos, Isac Chande, Vice-Ministro da Sa\u00fade, Mouzinho Sa\u00edde; Quadros da Presid\u00eancia da Rep\u00fablica e de outras institui\u00e7\u00f5es do Estado.<\/p>\n","protected":false},"excerpt":{"rendered":"<p>MAPUTO, 15 DE JULHO DE 2016 \u2013 O Presidente da Rep\u00fablica, Filipe Jacinto Nyusi, participa de 17 a 18 de Julho de 2016, em Kigali, capital do Ruanda, na 27\u00aa Sess\u00e3o Ordin\u00e1ria da Confer\u00eancia de Chefes de Estado e de Governo da Uni\u00e3o Africa, que se realiza sob o lema \u201c2016: Ano Africano dos Direitos &hellip;<\/p>\n","protected":false},"author":1,"featured_media":0,"comment_status":"open","ping_status":"open","sticky":false,"template":"","format":"standard","meta":{"_jetpack_memberships_contains_paid_content":false,"footnotes":""},"categories":[4],"tags":[],"class_list":["post-1379","post","type-post","status-publish","format-standard","hentry","category-outras"],"jetpack_featured_media_url":"","jetpack_sharing_enabled":true,"_links":{"self":[{"href":"https:\/\/www.frelimo.org.mz\/index.php?rest_route=\/wp\/v2\/posts\/1379","targetHints":{"allow":["GET"]}}],"collection":[{"href":"https:\/\/www.frelimo.org.mz\/index.php?rest_route=\/wp\/v2\/posts"}],"about":[{"href":"https:\/\/www.frelimo.org.mz\/index.php?rest_route=\/wp\/v2\/types\/post"}],"author":[{"embeddable":true,"href":"https:\/\/www.frelimo.org.mz\/index.php?rest_route=\/wp\/v2\/users\/1"}],"replies":[{"embeddable":true,"href":"https:\/\/www.frelimo.org.mz\/index.php?rest_route=%2Fwp%2Fv2%2Fcomments&post=1379"}],"version-history":[{"count":0,"href":"https:\/\/www.frelimo.org.mz\/index.php?rest_route=\/wp\/v2\/posts\/1379\/revisions"}],"wp:attachment":[{"href":"https:\/\/www.frelimo.org.mz\/index.php?rest_route=%2Fwp%2Fv2%2Fmedia&parent=1379"}],"wp:term":[{"taxonomy":"category","embeddable":true,"href":"https:\/\/www.frelimo.org.mz\/index.php?rest_route=%2Fwp%2Fv2%2Fcategories&post=1379"},{"taxonomy":"post_tag","embeddable":true,"href":"https:\/\/www.frelimo.org.mz\/index.php?rest_route=%2Fwp%2Fv2%2Ftags&post=1379"}],"curies":[{"name":"wp","href":"https:\/\/api.w.org\/{rel}","templated":true}]}}