{"id":1373,"date":"2016-07-05T14:34:27","date_gmt":"2016-07-05T14:34:27","guid":{"rendered":"https:\/\/www.frelimo.org.mz\/?p=1373"},"modified":"2016-07-05T14:34:27","modified_gmt":"2016-07-05T14:34:27","slug":"nyusi-quer-dialogo-urgente-e-fim-dos-ataques-da-renamo-2","status":"publish","type":"post","link":"https:\/\/www.frelimo.org.mz\/?p=1373","title":{"rendered":"NYUSI QUER DI\u00c1LOGO URGENTE E FIM DOS ATAQUES DA RENAMO"},"content":{"rendered":"<p style=\"margin: 6px 0px; color: #1d2129; font-family: helvetica, arial, sans-serif; font-size: 14px;\">MAPUTO, 05\/07\/ 2016 &#8211; O Presidente da Rep\u00fablica, Filipe Nyusi, n\u00e3o deixou de lado um dos principais temas na agenda do dia: os confrontos armados no centro do pa\u00eds.&nbsp;<\/p>\n<p style=\"margin: 6px 0px; color: #1d2129; font-family: helvetica, arial, sans-serif; font-size: 14px;\">Em Nampula, onde ontem iniciou uma visita de tr\u00eas dias, Filipe Nyusi deplorou o facto de estarem a ocorrer ataques enquanto equipas negociais da Renamo e do Governo se re\u00fanem periodicamente para tentar desbloquear as diferen\u00e7as entre as partes.<\/p>\n<div class=\"text_exposed_show\" style=\"display: inline; color: #1d2129; font-family: helvetica, arial, sans-serif; font-size: 14px;\">\n<p style=\"margin: 0px 0px 6px;\">O Chefe de Estado exige que o l\u00edder da Renamo, Afonso Dhlakama, mande cessar os ataques e diz que est\u00e1 pronto para o di\u00e1logo a qualquer momento. Para o Presidente da Rep\u00fablica, n\u00e3o faz sentido matar inocentes em nome da democracia ou de qualquer reivindica\u00e7\u00e3o.<\/p>\n<p style=\"margin: 6px 0px;\">\u201cNa regi\u00e3o centro do pa\u00eds, h\u00e1 uma tens\u00e3o militar instalada. As pessoas n\u00e3o podem dormir \u00e0 vontade, porque h\u00e1 quem vai atr\u00e1s para as matar. Dizem que ganharam elei\u00e7\u00f5es nalgumas prov\u00edncias, por isso, devem governar e, se n\u00e3o governam, queimam as casas. Eu que ganhei aqui em Li\u00fapo, como \u00e9 que vou fazer?\u201d, questionou Filipe Nyusi perante centenas que populares que acompanhavam o com\u00edcio.<\/p>\n<p style=\"margin: 6px 0px;\">\u00c9 de lembrar que, semana passada, o Presidente da Rep\u00fablica e o l\u00edder da Renamo decidiram refor\u00e7ar as equipas de di\u00e1logo com mais tr\u00eas elementos de cada parte.<\/p>\n<p style=\"margin: 6px 0px;\">PREOCUPA\u00c7\u00d5ES DE LI\u00daPO<\/p>\n<p style=\"margin: 6px 0px;\">Li\u00fapo \u00e9 um dos 13 novos distritos cuja cria\u00e7\u00e3o foi aprovada pela Assembleia da Rep\u00fablica (AR), em 2013. At\u00e9 ent\u00e3o, o novo distrito era um posto administrativo pertencente ao distrito de Mogincual. Localizado a sul da prov\u00edncia, Li\u00fapo tem uma popula\u00e7\u00e3o estimada em 88 mil habitantes, sendo a agricultura e pesca as principais actividades econ\u00f3micas.<\/p>\n<p style=\"margin: 6px 0px;\">Numa mensagem apresentada por ocasi\u00e3o da visita presidencial, a popula\u00e7\u00e3o manifestou a sua preocupa\u00e7\u00e3o com a situa\u00e7\u00e3o que se vive no pa\u00eds, sobretudo na regi\u00e3o centro, caracterizada por ataques dos homens armados da Renamo contra alvos civis e militares.<\/p>\n<p style=\"margin: 6px 0px;\">A popula\u00e7\u00e3o de Li\u00fapo apresentou, tamb\u00e9m, algumas necessidades, como o estabelecimento de uma institui\u00e7\u00e3o banc\u00e1ria, expans\u00e3o da rede el\u00e9ctrica nacional \u00e0s localidades, eleva\u00e7\u00e3o do posto de sa\u00fade local \u00e0 categoria de hospital distrital e introdu\u00e7\u00e3o do ensino t\u00e9cnico-profissional virado \u00e0 \u00e1rea da agricultura.<\/p>\n<p style=\"margin: 6px 0px;\">Antes mesmo da popula\u00e7\u00e3o colocar estas preocupa\u00e7\u00f5es, Nyusi adiantou que sabia dos problemas de Li\u00fapo, avan\u00e7ando que se trata de desafios cuja solu\u00e7\u00e3o n\u00e3o s\u00f3 depende do Governo, mas de todos os mo\u00e7ambicanos. \u201cEu sei que h\u00e1 v\u00e1rios problemas neste distrito. Todos juntos temos de trabalhar para os resolver\u201d, afirmou.<\/p>\n<p style=\"margin: 6px 0px;\">Filipe Nyusi reiterou, na ocasi\u00e3o, a sua disposi\u00e7\u00e3o em tudo fazer para a paz em Mo\u00e7ambique, convidando os presentes para que tamb\u00e9m contribuam para o estabelecimento desse clima de paz e estabilidade. Igualmente, exortou para um trabalho \u00e1rduo de todos os mo\u00e7ambicanos, como forma de resolver o problema de carestia da vida no pa\u00eds.<\/p>\n<\/div>\n","protected":false},"excerpt":{"rendered":"<p>MAPUTO, 05\/07\/ 2016 &#8211; O Presidente da Rep\u00fablica, Filipe Nyusi, n\u00e3o deixou de lado um dos principais temas na agenda do dia: os confrontos armados no centro do pa\u00eds.&nbsp; Em Nampula, onde ontem iniciou uma visita de tr\u00eas dias, Filipe Nyusi deplorou o facto de estarem a ocorrer ataques enquanto equipas negociais da Renamo e &hellip;<\/p>\n","protected":false},"author":1,"featured_media":0,"comment_status":"open","ping_status":"open","sticky":false,"template":"","format":"standard","meta":{"_jetpack_memberships_contains_paid_content":false,"footnotes":""},"categories":[4],"tags":[],"class_list":["post-1373","post","type-post","status-publish","format-standard","hentry","category-outras"],"jetpack_featured_media_url":"","jetpack_sharing_enabled":true,"_links":{"self":[{"href":"https:\/\/www.frelimo.org.mz\/index.php?rest_route=\/wp\/v2\/posts\/1373","targetHints":{"allow":["GET"]}}],"collection":[{"href":"https:\/\/www.frelimo.org.mz\/index.php?rest_route=\/wp\/v2\/posts"}],"about":[{"href":"https:\/\/www.frelimo.org.mz\/index.php?rest_route=\/wp\/v2\/types\/post"}],"author":[{"embeddable":true,"href":"https:\/\/www.frelimo.org.mz\/index.php?rest_route=\/wp\/v2\/users\/1"}],"replies":[{"embeddable":true,"href":"https:\/\/www.frelimo.org.mz\/index.php?rest_route=%2Fwp%2Fv2%2Fcomments&post=1373"}],"version-history":[{"count":0,"href":"https:\/\/www.frelimo.org.mz\/index.php?rest_route=\/wp\/v2\/posts\/1373\/revisions"}],"wp:attachment":[{"href":"https:\/\/www.frelimo.org.mz\/index.php?rest_route=%2Fwp%2Fv2%2Fmedia&parent=1373"}],"wp:term":[{"taxonomy":"category","embeddable":true,"href":"https:\/\/www.frelimo.org.mz\/index.php?rest_route=%2Fwp%2Fv2%2Fcategories&post=1373"},{"taxonomy":"post_tag","embeddable":true,"href":"https:\/\/www.frelimo.org.mz\/index.php?rest_route=%2Fwp%2Fv2%2Ftags&post=1373"}],"curies":[{"name":"wp","href":"https:\/\/api.w.org\/{rel}","templated":true}]}}