{"id":1361,"date":"2016-07-02T17:24:25","date_gmt":"2016-07-02T17:24:25","guid":{"rendered":"https:\/\/www.frelimo.org.mz\/?p=1361"},"modified":"2016-07-02T17:24:25","modified_gmt":"2016-07-02T17:24:25","slug":"talapa-condena-ataques-dos-homens-armados-da-renamo","status":"publish","type":"post","link":"https:\/\/www.frelimo.org.mz\/?p=1361","title":{"rendered":"TALAPA CONDENA ATAQUES DOS HOMENS ARMADOS DA RENAMO"},"content":{"rendered":"<div class=\"itemIntroText\" style=\"margin: 0px; padding: 4px 0px 12px; border: 0px; outline: 0px; font-size: 13px; vertical-align: baseline; line-height: 23.4px; color: #444444; font-family: Arial, Helvetica, sans-serif; background-image: initial; background-attachment: initial; background-position: initial; background-repeat: initial;\">\n<p style=\"margin: 0.5em 0px; padding: 0px; border: 0px; outline: 0px; vertical-align: baseline; text-align: justify; line-height: 19.5px; background: transparent;\"><span style=\"margin: 0px; padding: 0px; border: 0px; outline: 0px; font-size: 12pt; vertical-align: baseline; line-height: 24px; font-family: Verdana, sans-serif; background: transparent;\">A membro da comiss\u00e3o pol\u00edtica do partido Frelimo e chefe da brigada central de assist\u00eancia \u00e0 prov\u00edncia de Tete, Margarida Talapa, condenou veementemente os constantes ataques dos homens armados da Renamo e disse que os mesmos visam colocar ingovern\u00e1vel o pa\u00eds.<\/span><\/p>\n<p><!--more--><\/p>\n<p style=\"margin: 0.5em 0px; padding: 0px; border: 0px; outline: 0px; vertical-align: baseline; text-align: justify; line-height: 19.5px; background: transparent;\"><span style=\"margin: 0px; padding: 0px; border: 0px; outline: 0px; font-size: 12pt; vertical-align: baseline; line-height: 24px; font-family: Verdana, sans-serif; background: transparent;\"><\/span><\/p>\n<\/div>\n<div class=\"itemFullText\" style=\"margin: 0px; padding: 0px; border: 0px; outline: 0px; font-size: 13px; vertical-align: baseline; color: #444444; font-family: Arial, Helvetica, sans-serif; line-height: 23.4px; background-image: initial; background-attachment: initial; background-position: initial; background-repeat: initial;\">\n<p style=\"margin: 0.5em 0px; padding: 0px; border: 0px; outline: 0px; vertical-align: baseline; text-align: justify; line-height: 19.5px; background: transparent;\"><span style=\"margin: 0px; padding: 0px; border: 0px; outline: 0px; font-size: 12pt; vertical-align: baseline; line-height: 24px; font-family: Verdana, sans-serif; background: transparent;\">Frisou que \u00e9 inaceit\u00e1vel que estes homens continuem a atacar viaturas e pessoas indefesas, porquanto o Presidente da Rep\u00fablica, Filipe Nyusi, sempres se disp\u00f4s a dialogar com o l\u00edder da Renamo a aceitou as exig\u00eancias deste partido sobre as equipas de media\u00e7\u00e3o.<\/span><\/p>\n<p style=\"margin: 0.5em 0px; padding: 0px; border: 0px; outline: 0px; vertical-align: baseline; text-align: justify; line-height: 19.5px; background: transparent;\"><span style=\"margin: 0px; padding: 0px; border: 0px; outline: 0px; font-size: 12pt; vertical-align: baseline; line-height: 24px; font-family: Verdana, sans-serif; background: transparent;\">Margarida Talapa disse que j\u00e1 \u00e9 tempo de a Renamo entregar \u00e1s autoridades todas as armas em sua posse que s\u00f3 criam instabilidade, luto e destrui\u00e7\u00f5es, retardando o desenvolvimento s\u00f3cio-econ\u00f3mico do pa\u00eds.&nbsp;<\/span><\/p>\n<\/div>\n","protected":false},"excerpt":{"rendered":"<p>A membro da comiss\u00e3o pol\u00edtica do partido Frelimo e chefe da brigada central de assist\u00eancia \u00e0 prov\u00edncia de Tete, Margarida Talapa, condenou veementemente os constantes ataques dos homens armados da Renamo e disse que os mesmos visam colocar ingovern\u00e1vel o pa\u00eds. Frisou que \u00e9 inaceit\u00e1vel que estes homens continuem a atacar viaturas e pessoas indefesas, &hellip;<\/p>\n","protected":false},"author":1,"featured_media":0,"comment_status":"open","ping_status":"open","sticky":false,"template":"","format":"standard","meta":{"_jetpack_memberships_contains_paid_content":false,"footnotes":""},"categories":[4],"tags":[],"class_list":["post-1361","post","type-post","status-publish","format-standard","hentry","category-outras"],"jetpack_featured_media_url":"","jetpack_sharing_enabled":true,"_links":{"self":[{"href":"https:\/\/www.frelimo.org.mz\/index.php?rest_route=\/wp\/v2\/posts\/1361","targetHints":{"allow":["GET"]}}],"collection":[{"href":"https:\/\/www.frelimo.org.mz\/index.php?rest_route=\/wp\/v2\/posts"}],"about":[{"href":"https:\/\/www.frelimo.org.mz\/index.php?rest_route=\/wp\/v2\/types\/post"}],"author":[{"embeddable":true,"href":"https:\/\/www.frelimo.org.mz\/index.php?rest_route=\/wp\/v2\/users\/1"}],"replies":[{"embeddable":true,"href":"https:\/\/www.frelimo.org.mz\/index.php?rest_route=%2Fwp%2Fv2%2Fcomments&post=1361"}],"version-history":[{"count":0,"href":"https:\/\/www.frelimo.org.mz\/index.php?rest_route=\/wp\/v2\/posts\/1361\/revisions"}],"wp:attachment":[{"href":"https:\/\/www.frelimo.org.mz\/index.php?rest_route=%2Fwp%2Fv2%2Fmedia&parent=1361"}],"wp:term":[{"taxonomy":"category","embeddable":true,"href":"https:\/\/www.frelimo.org.mz\/index.php?rest_route=%2Fwp%2Fv2%2Fcategories&post=1361"},{"taxonomy":"post_tag","embeddable":true,"href":"https:\/\/www.frelimo.org.mz\/index.php?rest_route=%2Fwp%2Fv2%2Ftags&post=1361"}],"curies":[{"name":"wp","href":"https:\/\/api.w.org\/{rel}","templated":true}]}}