{"id":1348,"date":"2016-06-16T12:10:22","date_gmt":"2016-06-16T12:10:22","guid":{"rendered":"https:\/\/www.frelimo.org.mz\/?p=1348"},"modified":"2016-06-16T12:10:22","modified_gmt":"2016-06-16T12:10:22","slug":"antonio-niquice-escalou-hoje-em-visita-de-trabalho-a-radio-e-televisao-miramar","status":"publish","type":"post","link":"https:\/\/www.frelimo.org.mz\/?p=1348","title":{"rendered":"Ant\u00f3nio Niquice, escalou hoje, em visita de trabalho a R\u00e1dio e Televis\u00e3o Miramar."},"content":{"rendered":"<p><span style=\"color: #1d2129; font-family: helvetica, arial, sans-serif; font-size: 14px; line-height: 19.32px;\">O Secret\u00e1rio da Mobiliza\u00e7\u00e3o, Organiza\u00e7\u00e3o e Propaganda do Partido FRELIMO Ant\u00f3nio Niquice, escalou hoje, em visita de trabalho a R\u00e1dio e Televis\u00e3o Miramar.<\/span><\/p>\n","protected":false},"excerpt":{"rendered":"<p>O Secret\u00e1rio da Mobiliza\u00e7\u00e3o, Organiza\u00e7\u00e3o e Propaganda do Partido FRELIMO Ant\u00f3nio Niquice, escalou hoje, em visita de trabalho a R\u00e1dio e Televis\u00e3o Miramar.<\/p>\n","protected":false},"author":1,"featured_media":0,"comment_status":"open","ping_status":"open","sticky":false,"template":"","format":"standard","meta":{"_jetpack_memberships_contains_paid_content":false,"footnotes":""},"categories":[4],"tags":[],"class_list":["post-1348","post","type-post","status-publish","format-standard","hentry","category-outras"],"jetpack_featured_media_url":"","jetpack_sharing_enabled":true,"_links":{"self":[{"href":"https:\/\/www.frelimo.org.mz\/index.php?rest_route=\/wp\/v2\/posts\/1348","targetHints":{"allow":["GET"]}}],"collection":[{"href":"https:\/\/www.frelimo.org.mz\/index.php?rest_route=\/wp\/v2\/posts"}],"about":[{"href":"https:\/\/www.frelimo.org.mz\/index.php?rest_route=\/wp\/v2\/types\/post"}],"author":[{"embeddable":true,"href":"https:\/\/www.frelimo.org.mz\/index.php?rest_route=\/wp\/v2\/users\/1"}],"replies":[{"embeddable":true,"href":"https:\/\/www.frelimo.org.mz\/index.php?rest_route=%2Fwp%2Fv2%2Fcomments&post=1348"}],"version-history":[{"count":0,"href":"https:\/\/www.frelimo.org.mz\/index.php?rest_route=\/wp\/v2\/posts\/1348\/revisions"}],"wp:attachment":[{"href":"https:\/\/www.frelimo.org.mz\/index.php?rest_route=%2Fwp%2Fv2%2Fmedia&parent=1348"}],"wp:term":[{"taxonomy":"category","embeddable":true,"href":"https:\/\/www.frelimo.org.mz\/index.php?rest_route=%2Fwp%2Fv2%2Fcategories&post=1348"},{"taxonomy":"post_tag","embeddable":true,"href":"https:\/\/www.frelimo.org.mz\/index.php?rest_route=%2Fwp%2Fv2%2Ftags&post=1348"}],"curies":[{"name":"wp","href":"https:\/\/api.w.org\/{rel}","templated":true}]}}