{"id":1344,"date":"2016-06-14T15:10:07","date_gmt":"2016-06-14T15:10:07","guid":{"rendered":"https:\/\/www.frelimo.org.mz\/?p=1344"},"modified":"2016-06-14T15:10:07","modified_gmt":"2016-06-14T15:10:07","slug":"o-povo-nao-pode-ser-feito-refem-para-se-alcancar-o-poder","status":"publish","type":"post","link":"https:\/\/www.frelimo.org.mz\/?p=1344","title":{"rendered":"\u201cO POVO N\u00c3O PODE SER FEITO REF\u00c9M PARA SE ALCAN\u00c7AR O PODER\u201d"},"content":{"rendered":"<p class=\"TXT1Capitular\" style=\"margin: 10px 0px; padding: 0px; color: #004b80;\" align=\"justify\"><span style=\"color: #003366;\">MAPUTO, 14\/06\/2016 &#8211; O Presidente da Rep\u00fablica, Filipe Nyusi, voltou a criticar a Renamo e o seu l\u00edder pelas ac\u00e7\u00f5es militares que v\u00eam protagonizando, em particular, na zona Centro do pa\u00eds, que se enquadram nas suas reivindica\u00e7\u00f5es pol\u00edticas.<\/span><\/p>\n<p class=\"TXT1\" style=\"margin: 10px 0px; padding: 0px; color: #004b80; text-indent: 0in;\" align=\"justify\"><span style=\"color: #003366;\">Falando, esta segunda-feira, durante a cerim\u00f3nia de patenteamento de oficiais-generais da Pol\u00edcia da Rep\u00fablica de Mo\u00e7ambique (PRM) e empossamento de novos comandantes para os ramos das For\u00e7as Armadas de Defesa de Mo\u00e7ambique (FADM), Filipe Nyusi voltou a convidar a Renamo a abra\u00e7ar o di\u00e1logo e a n\u00e3o for\u00e7ar ced\u00eancias pol\u00edticas atrav\u00e9s do uso da for\u00e7a.<\/span><\/p>\n<p class=\"TXT1\" style=\"margin: 10px 0px; padding: 0px; color: #004b80; text-indent: 0in;\" align=\"justify\"><span style=\"color: #003366;\">\u201cO Governo est\u00e1 consciente de que o soar das armas n\u00e3o \u00e9 o caminho certo para a busca da paz e sempre defendemos o dialogo. Estamos igualmente claros que as incurs\u00f5es com recurso a armas n\u00e3o devem servir de mecanismo para for\u00e7ar o Governo a consensos inconstitucionais que ferem os princ\u00edpios democr\u00e1ticos. O povo n\u00e3o pode ser feito ref\u00e9m para se alcan\u00e7ar o poder\u201d disse o Chefe de Estado.<\/span><\/p>\n<p class=\"TXT1\" style=\"margin: 10px 0px; padding: 0px; color: #004b80; text-indent: 0in;\" align=\"justify\"><span style=\"color: #003366;\">Durante a sua interven\u00e7\u00e3o, Nyusi fez men\u00e7\u00e3o aos ataques militares, que j\u00e1 for\u00e7aram a introdu\u00e7\u00e3o de colunas militares ao longo da EN1 e EN7, no centro do pa\u00eds, e alertou para o impacto que pode causar nos pa\u00edses vizinhos. \u201cOs pa\u00edses vizinhos n\u00e3o devem ganhar o \u00f3dio contra os mo\u00e7ambicanos, porque um grupo localizado ataca os seus bens quando transitam por Mo\u00e7ambique\u201d, referiu.<\/span><\/p>\n<p class=\"TXT1\" style=\"margin: 10px 0px; padding: 0px; color: #004b80; text-indent: 0in;\" align=\"justify\"><span style=\"color: #003366;\">Num discurso com v\u00e1rios tons de aproxima\u00e7\u00e3o, o Chefe de Estado vincou a necessidade de um di\u00e1logo mais prof\u00edcuo e desarmamento da Renamo. \u201cEstamos num Estado democr\u00e1tico e de&nbsp;<span style=\"text-transform: uppercase;\">D<\/span>ireito, por isso, n\u00e3o devemos abrir espa\u00e7o para uma conviv\u00eancia dualista, por um lado, partidos civis e, por outro lado, partidos armados\u201d, disse, reiterando que \u201co Governo continuar\u00e1 a busca incessante da tranquilidade completa, em todo o territ\u00f3rio nacional, numa base de di\u00e1logo permanente e produtivo, \u00fanica via para o desenvolvimento e conviv\u00eancia harmoniosa entre os mo\u00e7ambicanos\u201d.<\/span><\/p>\n<p style=\"margin: 10px 0px; padding: 0px; color: #004b80; text-align: justify;\" align=\"justify\"><span style=\"color: #003366;\">Na cerim\u00f3nia desta segunda-feira, ao n\u00edvel da FADM, tomaram posse o major-general L\u00e1zaro Menete, para o cargo de comandante do Ex\u00e9rcito; o major-general Messias Niposso, para comandante da For\u00e7a A\u00e9rea; o contra-almirante Eug\u00e9nio Muatuca, para comandante da Marinha de Guerra; o major general Eug\u00e9nio Mussa, para comandante do Servi\u00e7o C\u00edvico; e o brigadeiro Francisco Mataruca, para vice-comandante do Instituto&nbsp;<span style=\"text-transform: uppercase;\">S<\/span>uperior de Defesa e Seguran\u00e7a Armando Em\u00edlio Guebuza.<\/span><\/p>\n","protected":false},"excerpt":{"rendered":"<p>MAPUTO, 14\/06\/2016 &#8211; O Presidente da Rep\u00fablica, Filipe Nyusi, voltou a criticar a Renamo e o seu l\u00edder pelas ac\u00e7\u00f5es militares que v\u00eam protagonizando, em particular, na zona Centro do pa\u00eds, que se enquadram nas suas reivindica\u00e7\u00f5es pol\u00edticas. Falando, esta segunda-feira, durante a cerim\u00f3nia de patenteamento de oficiais-generais da Pol\u00edcia da Rep\u00fablica de Mo\u00e7ambique (PRM) &hellip;<\/p>\n","protected":false},"author":1,"featured_media":0,"comment_status":"open","ping_status":"open","sticky":false,"template":"","format":"standard","meta":{"_jetpack_memberships_contains_paid_content":false,"footnotes":""},"categories":[4],"tags":[],"class_list":["post-1344","post","type-post","status-publish","format-standard","hentry","category-outras"],"jetpack_featured_media_url":"","jetpack_sharing_enabled":true,"_links":{"self":[{"href":"https:\/\/www.frelimo.org.mz\/index.php?rest_route=\/wp\/v2\/posts\/1344","targetHints":{"allow":["GET"]}}],"collection":[{"href":"https:\/\/www.frelimo.org.mz\/index.php?rest_route=\/wp\/v2\/posts"}],"about":[{"href":"https:\/\/www.frelimo.org.mz\/index.php?rest_route=\/wp\/v2\/types\/post"}],"author":[{"embeddable":true,"href":"https:\/\/www.frelimo.org.mz\/index.php?rest_route=\/wp\/v2\/users\/1"}],"replies":[{"embeddable":true,"href":"https:\/\/www.frelimo.org.mz\/index.php?rest_route=%2Fwp%2Fv2%2Fcomments&post=1344"}],"version-history":[{"count":0,"href":"https:\/\/www.frelimo.org.mz\/index.php?rest_route=\/wp\/v2\/posts\/1344\/revisions"}],"wp:attachment":[{"href":"https:\/\/www.frelimo.org.mz\/index.php?rest_route=%2Fwp%2Fv2%2Fmedia&parent=1344"}],"wp:term":[{"taxonomy":"category","embeddable":true,"href":"https:\/\/www.frelimo.org.mz\/index.php?rest_route=%2Fwp%2Fv2%2Fcategories&post=1344"},{"taxonomy":"post_tag","embeddable":true,"href":"https:\/\/www.frelimo.org.mz\/index.php?rest_route=%2Fwp%2Fv2%2Ftags&post=1344"}],"curies":[{"name":"wp","href":"https:\/\/api.w.org\/{rel}","templated":true}]}}