{"id":1340,"date":"2016-06-10T21:38:28","date_gmt":"2016-06-10T21:38:28","guid":{"rendered":"https:\/\/www.frelimo.org.mz\/?p=1340"},"modified":"2016-06-10T21:38:28","modified_gmt":"2016-06-10T21:38:28","slug":"general-khalau-passa-a-reserva","status":"publish","type":"post","link":"https:\/\/www.frelimo.org.mz\/?p=1340","title":{"rendered":"General Khalau passa \u00e0 Reserva"},"content":{"rendered":"<p><span style=\"color: #1d2129; font-family: helvetica, arial, sans-serif; font-size: 14px; line-height: 18px;\">O Presidente da Rep\u00fablica, Filipe Jacinto Nyusi, no uso das compet\u00eancias, determinou atrav\u00e9s de um Despacho Presidencial, a passagem \u00e0 reserva, na efectividade de servi\u00e7o, do Inspector-Geral da Pol\u00edcia, Jorge Henrique da Costa Kh\u00e1lau, antigo Comandante Geral da Pol\u00edcia. Num outro despacho, o Chefe do Estado determinou, tamb\u00e9m, a passagem \u00e0 reservas do Adjunto Comiss\u00e1rio da Pol\u00edcia, Jeremias Sebast<\/span><span class=\"text_exposed_show\" style=\"display: inline; font-family: helvetica, arial, sans-serif; color: #1d2129; font-size: 14px; line-height: 18px;\">i\u00e3o Machaieie.<\/span><\/p>\n<p><!--more--><\/p>\n<p><span class=\"text_exposed_show\" style=\"display: inline; font-family: helvetica, arial, sans-serif; color: #1d2129; font-size: 14px; line-height: 18px;\">De acordo com um comunicado da Presidencia da Republica, o Chefe do Estado, promoveu ainda, atrav\u00e9s de Despacho Presidencial, \u00e0 patente de Adjunto Comiss\u00e1rio da Pol\u00edcia, no escal\u00e3o de Oficiais Generais, os seguintes oficiais da Pol\u00edcia da Rep\u00fablica de Mo\u00e7ambique; Aquilasse Kapangula Manda, Bernardo Benjamim Nchicoco, Ernesto Bernardo Guambe, J\u00falio Amaral Bonicela e Zito Jos\u00e9 Maconha.<\/span><\/p>\n","protected":false},"excerpt":{"rendered":"<p>O Presidente da Rep\u00fablica, Filipe Jacinto Nyusi, no uso das compet\u00eancias, determinou atrav\u00e9s de um Despacho Presidencial, a passagem \u00e0 reserva, na efectividade de servi\u00e7o, do Inspector-Geral da Pol\u00edcia, Jorge Henrique da Costa Kh\u00e1lau, antigo Comandante Geral da Pol\u00edcia. Num outro despacho, o Chefe do Estado determinou, tamb\u00e9m, a passagem \u00e0 reservas do Adjunto Comiss\u00e1rio &hellip;<\/p>\n","protected":false},"author":1,"featured_media":0,"comment_status":"open","ping_status":"open","sticky":false,"template":"","format":"standard","meta":{"_jetpack_memberships_contains_paid_content":false,"footnotes":""},"categories":[4],"tags":[],"class_list":["post-1340","post","type-post","status-publish","format-standard","hentry","category-outras"],"jetpack_featured_media_url":"","jetpack_sharing_enabled":true,"_links":{"self":[{"href":"https:\/\/www.frelimo.org.mz\/index.php?rest_route=\/wp\/v2\/posts\/1340","targetHints":{"allow":["GET"]}}],"collection":[{"href":"https:\/\/www.frelimo.org.mz\/index.php?rest_route=\/wp\/v2\/posts"}],"about":[{"href":"https:\/\/www.frelimo.org.mz\/index.php?rest_route=\/wp\/v2\/types\/post"}],"author":[{"embeddable":true,"href":"https:\/\/www.frelimo.org.mz\/index.php?rest_route=\/wp\/v2\/users\/1"}],"replies":[{"embeddable":true,"href":"https:\/\/www.frelimo.org.mz\/index.php?rest_route=%2Fwp%2Fv2%2Fcomments&post=1340"}],"version-history":[{"count":0,"href":"https:\/\/www.frelimo.org.mz\/index.php?rest_route=\/wp\/v2\/posts\/1340\/revisions"}],"wp:attachment":[{"href":"https:\/\/www.frelimo.org.mz\/index.php?rest_route=%2Fwp%2Fv2%2Fmedia&parent=1340"}],"wp:term":[{"taxonomy":"category","embeddable":true,"href":"https:\/\/www.frelimo.org.mz\/index.php?rest_route=%2Fwp%2Fv2%2Fcategories&post=1340"},{"taxonomy":"post_tag","embeddable":true,"href":"https:\/\/www.frelimo.org.mz\/index.php?rest_route=%2Fwp%2Fv2%2Ftags&post=1340"}],"curies":[{"name":"wp","href":"https:\/\/api.w.org\/{rel}","templated":true}]}}