{"id":1308,"date":"2016-05-26T13:19:51","date_gmt":"2016-05-26T13:19:51","guid":{"rendered":"https:\/\/www.frelimo.org.mz\/?p=1308"},"modified":"2016-05-26T13:19:51","modified_gmt":"2016-05-26T13:19:51","slug":"desenvolvimento-economico-nyusi-enaltece-papel-do-turismo","status":"publish","type":"post","link":"https:\/\/www.frelimo.org.mz\/?p=1308","title":{"rendered":"DESENVOLVIMENTO ECON\u00d3MICO: NYUSI ENALTECE PAPEL DO TURISMO"},"content":{"rendered":"<p style=\"text-align: justify;\">MAPUTO, 26\/05\/2016 &#8211; <span style=\"font-size: 9pt; font-family: 'Tahoma',sans-serif;\">O Presidente da Rep\u00fablica, Filipe Jacinto Nyusi, convidou a classe empresarial da prov\u00edncia de Tete a investir na promo\u00e7\u00e3o do turismo, de modo a galvanizar o desenvolvimento do pa\u00eds.<\/span><\/p>\n<p style=\"text-align: justify;\"><span style=\"font-size: 9pt; font-family: 'Tahoma',sans-serif;\">O Chefe do Estado falava ap\u00f3s a inaugura\u00e7\u00e3o, ontem naquela cidade, do Hotel Inter, localizado no bairro Matundo, uma unidade hoteleira de tr\u00eas pisos, com um total de 71 quartos.<\/span><\/p>\n<p style=\"text-align: justify;\"><span style=\"font-size: 9pt; font-family: 'Tahoma',sans-serif;\">\u201cO turismo impulsiona o desenvolvimento da regi\u00e3o, pois, al\u00e9m de promover o recreio e o relaxamento dos cidad\u00e3os, gera emprego e valoriza os h\u00e1bitos culturais das comunidades\u201d disse Nyusi.<\/span><\/p>\n<p style=\"text-align: justify;\"><span style=\"font-size: 9pt; font-family: 'Tahoma',sans-serif;\">Referindo-se em particular aos gestores e trabalhadores do novo hotel, o Chefe do Estado real\u00e7ou que este deve oferecer servi\u00e7os de qualidade, de modo a impressionar e cativar os clientes a frequentarem aquela est\u00e2ncia tur\u00edstica, com vista a corresponder aos objectivos que ditaram a sua constru\u00e7\u00e3o.<\/span><\/p>\n<p style=\"text-align: justify;\"><span style=\"font-size: 9pt; font-family: 'Tahoma',sans-serif;\">Referiu-se igualmente \u00e0 necessidade de a ger\u00eancia do hotel procurar organizar um sal\u00e3o para a exposi\u00e7\u00e3o de material de arte produzido localmente, no esp\u00edrito de promo\u00e7\u00e3o e divulga\u00e7\u00e3o da cultura e arte locais.<\/span><\/p>\n<p style=\"text-align: justify;\"><span style=\"font-size: 9pt; font-family: 'Tahoma',sans-serif;\">Por seu turno, Abdul Mark, administrador da Sociedade de Turismo Inter Hot\u00e9is, disse que os desafios actuais que o pa\u00eds enfrenta t\u00eam sido motivo de muita reflex\u00e3o para o empresariado nacional, mas mesmo assim h\u00e1 um grande empenho no alargamento das actividades de turismo um pouco por todo<\/span> <span style=\"font-size: 9pt; font-family: 'Tahoma',sans-serif;\">o pa\u00eds.<\/span><\/p>\n<p style=\"text-align: justify;\"><span style=\"font-size: 9pt; font-family: 'Tahoma',sans-serif;\">\u201cHoje \u00e9 o concretizar de uma parte de um sonho que come\u00e7ou em 2006, altura em que constru\u00edmos e entrou em funcionamento o Hotel Inter de Chimoio, empregando 64 pessoas\u201d, explicou Abdul Mark.<\/span><\/p>\n<p style=\"text-align: justify;\"><span style=\"font-size: 9pt; font-family: 'Tahoma',sans-serif;\">Com a abertura do empreendimento de Tete, a Sociedade de Turismo Inter Hot\u00e9is passa a empregar um total de 150 pessoas, entre homens e mulheres.<\/span><\/p>\n<p style=\"text-align: justify;\"><span style=\"font-size: 9pt; font-family: 'Tahoma',sans-serif;\">A ideia da administra\u00e7\u00e3o do Inter Hoteis \u00e9 oferecer um servi\u00e7o que proporcione bem-estar aos clientes a um pre\u00e7o competitivo, permitindo que o local seja prop\u00edcio para o lazer e para a reuni\u00e3o de fam\u00edlias.<\/span><\/p>\n<p style=\"text-align: justify;\"><span style=\"font-size: 9pt; font-family: 'Tahoma',sans-serif;\">Segundo Abdul Mark, o local \u00e9 igualmente um lugar de encontro entre os empres\u00e1rios comprometidos com a inclus\u00e3o, um ponto onde se podem discutir ideias sobre como o sector empresarial pode ir melhorando a sua contribui\u00e7\u00e3o para o desenvolvimento econ\u00f3mico do pa\u00eds. (JN)<\/span><\/p>\n","protected":false},"excerpt":{"rendered":"<p>MAPUTO, 26\/05\/2016 &#8211; O Presidente da Rep\u00fablica, Filipe Jacinto Nyusi, convidou a classe empresarial da prov\u00edncia de Tete a investir na promo\u00e7\u00e3o do turismo, de modo a galvanizar o desenvolvimento do pa\u00eds. O Chefe do Estado falava ap\u00f3s a inaugura\u00e7\u00e3o, ontem naquela cidade, do Hotel Inter, localizado no bairro Matundo, uma unidade hoteleira de tr\u00eas &hellip;<\/p>\n","protected":false},"author":1,"featured_media":0,"comment_status":"open","ping_status":"open","sticky":false,"template":"","format":"standard","meta":{"_jetpack_memberships_contains_paid_content":false,"footnotes":""},"categories":[4],"tags":[],"class_list":["post-1308","post","type-post","status-publish","format-standard","hentry","category-outras"],"jetpack_featured_media_url":"","jetpack_sharing_enabled":true,"_links":{"self":[{"href":"https:\/\/www.frelimo.org.mz\/index.php?rest_route=\/wp\/v2\/posts\/1308","targetHints":{"allow":["GET"]}}],"collection":[{"href":"https:\/\/www.frelimo.org.mz\/index.php?rest_route=\/wp\/v2\/posts"}],"about":[{"href":"https:\/\/www.frelimo.org.mz\/index.php?rest_route=\/wp\/v2\/types\/post"}],"author":[{"embeddable":true,"href":"https:\/\/www.frelimo.org.mz\/index.php?rest_route=\/wp\/v2\/users\/1"}],"replies":[{"embeddable":true,"href":"https:\/\/www.frelimo.org.mz\/index.php?rest_route=%2Fwp%2Fv2%2Fcomments&post=1308"}],"version-history":[{"count":0,"href":"https:\/\/www.frelimo.org.mz\/index.php?rest_route=\/wp\/v2\/posts\/1308\/revisions"}],"wp:attachment":[{"href":"https:\/\/www.frelimo.org.mz\/index.php?rest_route=%2Fwp%2Fv2%2Fmedia&parent=1308"}],"wp:term":[{"taxonomy":"category","embeddable":true,"href":"https:\/\/www.frelimo.org.mz\/index.php?rest_route=%2Fwp%2Fv2%2Fcategories&post=1308"},{"taxonomy":"post_tag","embeddable":true,"href":"https:\/\/www.frelimo.org.mz\/index.php?rest_route=%2Fwp%2Fv2%2Ftags&post=1308"}],"curies":[{"name":"wp","href":"https:\/\/api.w.org\/{rel}","templated":true}]}}