{"id":1301,"date":"2016-05-25T11:17:52","date_gmt":"2016-05-25T11:17:52","guid":{"rendered":"https:\/\/www.frelimo.org.mz\/?p=1301"},"modified":"2016-05-25T11:17:52","modified_gmt":"2016-05-25T11:17:52","slug":"presidente-da-republica-efectua-visita-de-trabalho-a-provincia-de-tete","status":"publish","type":"post","link":"https:\/\/www.frelimo.org.mz\/?p=1301","title":{"rendered":"PRESIDENTE DA REP\u00daBLICA EFECTUA VISITA DE TRABALHO \u00c0 PROV\u00cdNCIA DE TETE"},"content":{"rendered":"<p style=\"text-align: justify;\">MAPUTO, 25\/05\/2016 &#8211; O Presidente da Rep\u00fablica, Filipe Nyusi, efectua a partir desta quarta-feira at\u00e9 s\u00e1bado, uma visita de trabalho \u00e0 Prov\u00edncia de Tete.<\/p>\n<p style=\"text-align: justify;\">Em Tete, o chefe do Estado vai escalar sucessivamente a Cidade capital, e os distritos de Marara, M\u00e1go\u00e8, Zumbo e Chifunde, onde tem agendado encontros com os Governos locais, reuni\u00f5es com diversos segmentos da sociedade, com\u00edcios populares e visitas a empreendimentos de interesse econ\u00f3micos e social.<\/p>\n<p><span style=\"font-size: 11pt; line-height: 107%; font-family: 'Calibri',sans-serif;\">Nesta desloca\u00e7\u00e3o, o chefe do Estado, faz-se acompanhar por alguns membros do Governo, quadros da Presid\u00eancia da Rep\u00fablica e de outras institui\u00e7\u00f5es do Estado. <\/span><\/p>\n","protected":false},"excerpt":{"rendered":"<p>MAPUTO, 25\/05\/2016 &#8211; O Presidente da Rep\u00fablica, Filipe Nyusi, efectua a partir desta quarta-feira at\u00e9 s\u00e1bado, uma visita de trabalho \u00e0 Prov\u00edncia de Tete. Em Tete, o chefe do Estado vai escalar sucessivamente a Cidade capital, e os distritos de Marara, M\u00e1go\u00e8, Zumbo e Chifunde, onde tem agendado encontros com os Governos locais, reuni\u00f5es com &hellip;<\/p>\n","protected":false},"author":1,"featured_media":0,"comment_status":"open","ping_status":"open","sticky":false,"template":"","format":"standard","meta":{"_jetpack_memberships_contains_paid_content":false,"footnotes":""},"categories":[4],"tags":[],"class_list":["post-1301","post","type-post","status-publish","format-standard","hentry","category-outras"],"jetpack_featured_media_url":"","jetpack_sharing_enabled":true,"_links":{"self":[{"href":"https:\/\/www.frelimo.org.mz\/index.php?rest_route=\/wp\/v2\/posts\/1301","targetHints":{"allow":["GET"]}}],"collection":[{"href":"https:\/\/www.frelimo.org.mz\/index.php?rest_route=\/wp\/v2\/posts"}],"about":[{"href":"https:\/\/www.frelimo.org.mz\/index.php?rest_route=\/wp\/v2\/types\/post"}],"author":[{"embeddable":true,"href":"https:\/\/www.frelimo.org.mz\/index.php?rest_route=\/wp\/v2\/users\/1"}],"replies":[{"embeddable":true,"href":"https:\/\/www.frelimo.org.mz\/index.php?rest_route=%2Fwp%2Fv2%2Fcomments&post=1301"}],"version-history":[{"count":0,"href":"https:\/\/www.frelimo.org.mz\/index.php?rest_route=\/wp\/v2\/posts\/1301\/revisions"}],"wp:attachment":[{"href":"https:\/\/www.frelimo.org.mz\/index.php?rest_route=%2Fwp%2Fv2%2Fmedia&parent=1301"}],"wp:term":[{"taxonomy":"category","embeddable":true,"href":"https:\/\/www.frelimo.org.mz\/index.php?rest_route=%2Fwp%2Fv2%2Fcategories&post=1301"},{"taxonomy":"post_tag","embeddable":true,"href":"https:\/\/www.frelimo.org.mz\/index.php?rest_route=%2Fwp%2Fv2%2Ftags&post=1301"}],"curies":[{"name":"wp","href":"https:\/\/api.w.org\/{rel}","templated":true}]}}