{"id":1279,"date":"2016-05-12T22:00:00","date_gmt":"2016-05-12T22:00:00","guid":{"rendered":"https:\/\/www.frelimo.org.mz\/?p=1279"},"modified":"2016-05-12T22:00:00","modified_gmt":"2016-05-12T22:00:00","slug":"secretario-para-a-mobilizacao-e-propaganda-da-frelimo-visita-rm","status":"publish","type":"post","link":"https:\/\/www.frelimo.org.mz\/?p=1279","title":{"rendered":"Quadro s\u00e9nior do partido Frelimo visita as instala\u00e7\u00f5es da R\u00e1dio Mo\u00e7ambique"},"content":{"rendered":"<p style=\"color: #222222; font-family: arial, sans-serif; font-size: 12.8px; text-align: justify;\"><span style=\"line-height: 21.4667px; font-family: 'Book Antiqua', serif; font-size: 14pt;\" lang=\"PT\">Quadro s\u00e9nior do partido Frelimo visita as instala\u00e7\u00f5es da R\u00e1dio Mo\u00e7ambique e apela a preserva\u00e7\u00e3o do acervo hist\u00f3rico e bibliogr\u00e1fico para as pr\u00f3ximas gera\u00e7\u00f5es.<\/span><\/p>\n<p><!--more--><\/p>\n<p style=\"color: #222222; font-family: arial, sans-serif; font-size: 12.8px; text-align: justify;\">&nbsp;<\/p>\n<p style=\"color: #222222; font-family: arial, sans-serif; font-size: 12.8px; text-align: justify;\"><span style=\"line-height: 21.4667px; font-family: 'Book Antiqua', serif; font-size: 14pt;\" lang=\"PT\"><span style=\"color: #1d2129; font-family: helvetica, arial, sans-serif; font-size: 14px; line-height: 19.32px;\">&nbsp;{mp3}niquice_02{\/mp3}<\/span><br \/>O Secret\u00e1rio para Mobiliza\u00e7\u00e3o e Propaganda do partido Frelimo, Ant\u00f3nio Niquice, considera que a R\u00e1dio Mo\u00e7ambique det\u00e9m o maior manancial de documentos sobre a radiodifus\u00e3o no pa\u00eds.<\/span><\/p>\n<p style=\"color: #222222; font-family: arial, sans-serif; font-size: 12.8px; text-align: justify;\"><span style=\"line-height: 21.4667px; font-family: 'Book Antiqua', serif; font-size: 14pt;\" lang=\"PT\">Ant\u00f3nio Niquice disse que a R\u00e1dio Mo\u00e7ambique tem um trajecto cujo percurso se confunde com a hist\u00f3ria do pa\u00eds.<\/span><\/p>\n<p style=\"color: #222222; font-family: arial, sans-serif; font-size: 12.8px; text-align: justify;\"><span style=\"line-height: 21.4667px; font-family: 'Book Antiqua', serif; font-size: 14pt;\" lang=\"PT\">O Secret\u00e1rio para Mobiliza\u00e7\u00e3o e Propaganda do Partido Frelimo, que j\u00e1 visitou as Televis\u00f5es Miramar e de Mo\u00e7ambique, incluindo a STV, confessa que esta interac\u00e7\u00e3o tem servido para constatar o profissionalismo com que tem sido transmitidas informa\u00e7\u00f5es de interesse nacional.<\/span><\/p>\n<p style=\"color: #222222; font-family: arial, sans-serif; font-size: 12.8px; text-align: justify;\"><span style=\"line-height: 21.4667px; font-family: 'Book Antiqua', serif; font-size: 14pt;\" lang=\"PT\">Ant\u00f3nio Niquice recomenda a R\u00e1dio Mo\u00e7ambique continuar imprescind\u00edvel no dia-a-dia dos mo\u00e7ambicanos.<\/span><\/p>\n<p style=\"color: #222222; font-family: arial, sans-serif; font-size: 12.8px; text-align: justify;\"><span style=\"line-height: 21.4667px; font-family: 'Book Antiqua', serif; font-size: 14pt;\" lang=\"PT\">Ant\u00f3nio Niquice, Secret\u00e1rio para Mobiliza\u00e7\u00e3o e Propaganda do Partido Frelimo.<\/span><\/p>\n<p style=\"color: #222222; font-family: arial, sans-serif; font-size: 12.8px; text-align: justify;\"><span style=\"line-height: 21.4667px; font-family: 'Book Antiqua', serif; font-size: 14pt;\" lang=\"PT\">Niquice devera visitar, ainda hoje, o Jornal Noticias.&nbsp;<\/span><\/p>\n","protected":false},"excerpt":{"rendered":"<p>Quadro s\u00e9nior do partido Frelimo visita as instala\u00e7\u00f5es da R\u00e1dio Mo\u00e7ambique e apela a preserva\u00e7\u00e3o do acervo hist\u00f3rico e bibliogr\u00e1fico para as pr\u00f3ximas gera\u00e7\u00f5es. &nbsp; &nbsp;{mp3}niquice_02{\/mp3}O Secret\u00e1rio para Mobiliza\u00e7\u00e3o e Propaganda do partido Frelimo, Ant\u00f3nio Niquice, considera que a R\u00e1dio Mo\u00e7ambique det\u00e9m o maior manancial de documentos sobre a radiodifus\u00e3o no pa\u00eds. Ant\u00f3nio Niquice disse &hellip;<\/p>\n","protected":false},"author":1,"featured_media":0,"comment_status":"open","ping_status":"open","sticky":false,"template":"","format":"standard","meta":{"_jetpack_memberships_contains_paid_content":false,"footnotes":""},"categories":[4],"tags":[],"class_list":["post-1279","post","type-post","status-publish","format-standard","hentry","category-outras"],"jetpack_featured_media_url":"","jetpack_sharing_enabled":true,"_links":{"self":[{"href":"https:\/\/www.frelimo.org.mz\/index.php?rest_route=\/wp\/v2\/posts\/1279","targetHints":{"allow":["GET"]}}],"collection":[{"href":"https:\/\/www.frelimo.org.mz\/index.php?rest_route=\/wp\/v2\/posts"}],"about":[{"href":"https:\/\/www.frelimo.org.mz\/index.php?rest_route=\/wp\/v2\/types\/post"}],"author":[{"embeddable":true,"href":"https:\/\/www.frelimo.org.mz\/index.php?rest_route=\/wp\/v2\/users\/1"}],"replies":[{"embeddable":true,"href":"https:\/\/www.frelimo.org.mz\/index.php?rest_route=%2Fwp%2Fv2%2Fcomments&post=1279"}],"version-history":[{"count":0,"href":"https:\/\/www.frelimo.org.mz\/index.php?rest_route=\/wp\/v2\/posts\/1279\/revisions"}],"wp:attachment":[{"href":"https:\/\/www.frelimo.org.mz\/index.php?rest_route=%2Fwp%2Fv2%2Fmedia&parent=1279"}],"wp:term":[{"taxonomy":"category","embeddable":true,"href":"https:\/\/www.frelimo.org.mz\/index.php?rest_route=%2Fwp%2Fv2%2Fcategories&post=1279"},{"taxonomy":"post_tag","embeddable":true,"href":"https:\/\/www.frelimo.org.mz\/index.php?rest_route=%2Fwp%2Fv2%2Ftags&post=1279"}],"curies":[{"name":"wp","href":"https:\/\/api.w.org\/{rel}","templated":true}]}}