{"id":1267,"date":"2016-05-10T08:04:08","date_gmt":"2016-05-10T08:04:08","guid":{"rendered":"https:\/\/www.frelimo.org.mz\/?p=1267"},"modified":"2016-05-10T08:04:08","modified_gmt":"2016-05-10T08:04:08","slug":"reter-excedentes-para-garantir-seguranca-alimentar-pr-em-niassa","status":"publish","type":"post","link":"https:\/\/www.frelimo.org.mz\/?p=1267","title":{"rendered":"RETER EXCEDENTES PARA GARANTIR SEGURAN\u00c7A ALIMENTAR-PR EM NIASSA"},"content":{"rendered":"<div class=\"itemIntroText\" style=\"margin: 0px; padding: 4px 0px 12px; border: 0px; outline: 0px; font-size: 13px; vertical-align: baseline; line-height: 23.4px; color: #444444; font-family: Arial, Helvetica, sans-serif; background-image: initial; background-attachment: initial; background-position: initial; background-repeat: initial;\">\n<p style=\"margin: 0.5em 0px; padding: 0px; border: 0px; outline: 0px; vertical-align: baseline; background: transparent;\">O Presidente da Rep\u00fablica, Filipe Nyusi, quer que os agentes econ\u00f3micos de Mandimba, no Niassa, retenham excedentes agr\u00edcolas para garantir a seguran\u00e7a alimentar.<\/p>\n<p><!--more--><\/p>\n<p style=\"margin: 0.5em 0px; padding: 0px; border: 0px; outline: 0px; vertical-align: baseline; background: transparent;\">&nbsp;<\/p>\n<p style=\"margin: 0.5em 0px; padding: 0px; border: 0px; outline: 0px; vertical-align: baseline; background: transparent;\"><span style=\"line-height: 23.4px; background-color: transparent;\">Falando num encontro com os agentes econ\u00f3micos locais, Nyusi sublinhou que o Pa\u00eds s\u00f3 vai conhecer o desenvolvimento com o aumento da produ\u00e7\u00e3o e da produtividade.<\/span><\/p>\n<\/div>\n<div class=\"itemFullText\" style=\"margin: 0px; padding: 0px; border: 0px; outline: 0px; font-size: 13px; vertical-align: baseline; color: #444444; font-family: Arial, Helvetica, sans-serif; line-height: 23.4px; background-image: initial; background-attachment: initial; background-position: initial; background-repeat: initial;\">\n<p style=\"margin: 0.5em 0px; padding: 0px; border: 0px; outline: 0px; vertical-align: baseline; background: transparent;\">\u201c Agora o d\u00f3lar est\u00e1 alto e isto tem criado estas oscila\u00e7\u00f5es de pre\u00e7o. Estamos a fazer todos os esfor\u00e7os para conseguirmos controlar, mas a melhor forma de controlar isso \u00e9 mais produ\u00e7\u00e3o; produzirmos mais e depois tornarmos o nosso produto mais competitivo\u201d, disse Nyusi.<br \/>Na manh\u00e3 desta ter\u00e7a-feira, o Presidente da Rep\u00fablica inaugura o bloco operat\u00f3rio do centro de sa\u00fade de Mandimba para depois escalar os distritos de Metarica e Marrupa, segunda etapa da visita presidencial \u00e1 Niassa.<\/p>\n<\/div>\n","protected":false},"excerpt":{"rendered":"<p>O Presidente da Rep\u00fablica, Filipe Nyusi, quer que os agentes econ\u00f3micos de Mandimba, no Niassa, retenham excedentes agr\u00edcolas para garantir a seguran\u00e7a alimentar. &nbsp; Falando num encontro com os agentes econ\u00f3micos locais, Nyusi sublinhou que o Pa\u00eds s\u00f3 vai conhecer o desenvolvimento com o aumento da produ\u00e7\u00e3o e da produtividade. \u201c Agora o d\u00f3lar est\u00e1 &hellip;<\/p>\n","protected":false},"author":1,"featured_media":0,"comment_status":"open","ping_status":"open","sticky":false,"template":"","format":"standard","meta":{"_jetpack_memberships_contains_paid_content":false,"footnotes":""},"categories":[4],"tags":[],"class_list":["post-1267","post","type-post","status-publish","format-standard","hentry","category-outras"],"jetpack_featured_media_url":"","jetpack_sharing_enabled":true,"_links":{"self":[{"href":"https:\/\/www.frelimo.org.mz\/index.php?rest_route=\/wp\/v2\/posts\/1267","targetHints":{"allow":["GET"]}}],"collection":[{"href":"https:\/\/www.frelimo.org.mz\/index.php?rest_route=\/wp\/v2\/posts"}],"about":[{"href":"https:\/\/www.frelimo.org.mz\/index.php?rest_route=\/wp\/v2\/types\/post"}],"author":[{"embeddable":true,"href":"https:\/\/www.frelimo.org.mz\/index.php?rest_route=\/wp\/v2\/users\/1"}],"replies":[{"embeddable":true,"href":"https:\/\/www.frelimo.org.mz\/index.php?rest_route=%2Fwp%2Fv2%2Fcomments&post=1267"}],"version-history":[{"count":0,"href":"https:\/\/www.frelimo.org.mz\/index.php?rest_route=\/wp\/v2\/posts\/1267\/revisions"}],"wp:attachment":[{"href":"https:\/\/www.frelimo.org.mz\/index.php?rest_route=%2Fwp%2Fv2%2Fmedia&parent=1267"}],"wp:term":[{"taxonomy":"category","embeddable":true,"href":"https:\/\/www.frelimo.org.mz\/index.php?rest_route=%2Fwp%2Fv2%2Fcategories&post=1267"},{"taxonomy":"post_tag","embeddable":true,"href":"https:\/\/www.frelimo.org.mz\/index.php?rest_route=%2Fwp%2Fv2%2Ftags&post=1267"}],"curies":[{"name":"wp","href":"https:\/\/api.w.org\/{rel}","templated":true}]}}