{"id":1266,"date":"2016-05-09T21:39:41","date_gmt":"2016-05-09T21:39:41","guid":{"rendered":"https:\/\/www.frelimo.org.mz\/?p=1266"},"modified":"2016-05-09T21:39:41","modified_gmt":"2016-05-09T21:39:41","slug":"pr-reafirma-criacao-de-grupo-que-vai-preparar-encontro-com-dhlakama","status":"publish","type":"post","link":"https:\/\/www.frelimo.org.mz\/?p=1266","title":{"rendered":"PR REAFIRMA CRIA\u00c7\u00c3O DE GRUPO QUE VAI PREPARAR ENCONTRO COM DHLAKAMA"},"content":{"rendered":"<div class=\"itemIntroText\" style=\"margin: 0px; padding: 4px 0px 12px; border: 0px; outline: 0px; font-size: 13px; vertical-align: baseline; line-height: 23.4px; color: #444444; font-family: Arial, Helvetica, sans-serif; background-image: initial; background-attachment: initial; background-position: initial; background-repeat: initial;\">\n<p style=\"margin: 0.5em 0px; padding: 0px; border: 0px; outline: 0px; vertical-align: baseline; text-align: justify; line-height: 19.5px; background: transparent;\"><span style=\"margin: 0px; padding: 0px; border: 0px; outline: 0px; font-size: 12pt; vertical-align: baseline; line-height: 24px; font-family: Verdana, sans-serif; background: transparent;\">O Presidente da Rep\u00fablica, Filipe Nyusi, reafirmou, esta segunda-feira, a cria\u00e7\u00e3o de um grupo que vai preparar o encontro, ao mais alto n\u00edvel, com o l\u00edder da Renamo, Afonso Dhlakama.<\/span><\/p>\n<p><!--more--><\/p>\n<p style=\"margin: 0.5em 0px; padding: 0px; border: 0px; outline: 0px; vertical-align: baseline; text-align: justify; line-height: 19.5px; background: transparent;\"><span style=\"margin: 0px; padding: 0px; border: 0px; outline: 0px; font-size: 12pt; vertical-align: baseline; line-height: 24px; font-family: Verdana, sans-serif; background: transparent;\"><\/span><\/p>\n<\/div>\n<div class=\"itemFullText\" style=\"margin: 0px; padding: 0px; border: 0px; outline: 0px; font-size: 13px; vertical-align: baseline; color: #444444; font-family: Arial, Helvetica, sans-serif; line-height: 23.4px; background-image: initial; background-attachment: initial; background-position: initial; background-repeat: initial;\">\n<p style=\"margin: 0.5em 0px; padding: 0px; border: 0px; outline: 0px; vertical-align: baseline; text-align: justify; line-height: 19.5px; background: transparent;\"><span style=\"margin: 0px; padding: 0px; border: 0px; outline: 0px; font-size: 12pt; vertical-align: baseline; line-height: 24px; font-family: Verdana, sans-serif; background: transparent;\">A reafirma\u00e7\u00e3o foi feita em Mandimba, durante um com\u00edcio realizado no quadro da sua visita \u00e0 prov\u00edncia do Niassa.<\/span><\/p>\n<p style=\"margin: 0.5em 0px; padding: 0px; border: 0px; outline: 0px; vertical-align: baseline; text-align: justify; line-height: 19.5px; background: transparent;\"><span style=\"margin: 0px; padding: 0px; border: 0px; outline: 0px; font-size: 12pt; vertical-align: baseline; line-height: 24px; font-family: Verdana, sans-serif; background: transparent;\">O Chefe do Estado disse que com este gesto, o Governo pretende manifestar a sua abertura ao di\u00e1logo para o alcance de uma paz efectiva no pa\u00eds.&nbsp;<\/span><\/p>\n<\/div>\n","protected":false},"excerpt":{"rendered":"<p>O Presidente da Rep\u00fablica, Filipe Nyusi, reafirmou, esta segunda-feira, a cria\u00e7\u00e3o de um grupo que vai preparar o encontro, ao mais alto n\u00edvel, com o l\u00edder da Renamo, Afonso Dhlakama. A reafirma\u00e7\u00e3o foi feita em Mandimba, durante um com\u00edcio realizado no quadro da sua visita \u00e0 prov\u00edncia do Niassa. O Chefe do Estado disse que &hellip;<\/p>\n","protected":false},"author":1,"featured_media":0,"comment_status":"open","ping_status":"open","sticky":false,"template":"","format":"standard","meta":{"_jetpack_memberships_contains_paid_content":false,"footnotes":""},"categories":[4],"tags":[],"class_list":["post-1266","post","type-post","status-publish","format-standard","hentry","category-outras"],"jetpack_featured_media_url":"","jetpack_sharing_enabled":true,"_links":{"self":[{"href":"https:\/\/www.frelimo.org.mz\/index.php?rest_route=\/wp\/v2\/posts\/1266","targetHints":{"allow":["GET"]}}],"collection":[{"href":"https:\/\/www.frelimo.org.mz\/index.php?rest_route=\/wp\/v2\/posts"}],"about":[{"href":"https:\/\/www.frelimo.org.mz\/index.php?rest_route=\/wp\/v2\/types\/post"}],"author":[{"embeddable":true,"href":"https:\/\/www.frelimo.org.mz\/index.php?rest_route=\/wp\/v2\/users\/1"}],"replies":[{"embeddable":true,"href":"https:\/\/www.frelimo.org.mz\/index.php?rest_route=%2Fwp%2Fv2%2Fcomments&post=1266"}],"version-history":[{"count":0,"href":"https:\/\/www.frelimo.org.mz\/index.php?rest_route=\/wp\/v2\/posts\/1266\/revisions"}],"wp:attachment":[{"href":"https:\/\/www.frelimo.org.mz\/index.php?rest_route=%2Fwp%2Fv2%2Fmedia&parent=1266"}],"wp:term":[{"taxonomy":"category","embeddable":true,"href":"https:\/\/www.frelimo.org.mz\/index.php?rest_route=%2Fwp%2Fv2%2Fcategories&post=1266"},{"taxonomy":"post_tag","embeddable":true,"href":"https:\/\/www.frelimo.org.mz\/index.php?rest_route=%2Fwp%2Fv2%2Ftags&post=1266"}],"curies":[{"name":"wp","href":"https:\/\/api.w.org\/{rel}","templated":true}]}}