{"id":1253,"date":"2016-04-30T16:52:12","date_gmt":"2016-04-30T16:52:12","guid":{"rendered":"https:\/\/www.frelimo.org.mz\/?p=1253"},"modified":"2016-04-30T16:52:12","modified_gmt":"2016-04-30T16:52:12","slug":"mensagem-da-frelimo-pela-passagem-de-1-de-maio-dia-internacional-do-trabalhador","status":"publish","type":"post","link":"https:\/\/www.frelimo.org.mz\/?p=1253","title":{"rendered":"MENSAGEM DA FRELIMO PELA PASSAGEM DE 1\u00ba DE MAIO, DIA INTERNACIONAL DO TRABALHADOR"},"content":{"rendered":"<p style=\"text-align: center; line-height: 150%;\" align=\"center\"><strong style=\"line-height: 150%; text-align: justify;\"><span style=\"font-size: 12pt; line-height: 150%; font-family: 'Trebuchet MS', sans-serif;\">Compatriotas!<\/span><\/strong><\/p>\n<p style=\"text-align: justify; line-height: 150%;\"><span style=\"font-size: 12pt; line-height: 150%; font-family: 'Trebuchet MS', sans-serif;\">Assinala-se hoje em todo Mundo, o 1\u00ba de Maio, dia internacional do Trabalhador. Rege a hist\u00f3ria que esta data celebra a reivindica\u00e7\u00e3o dos trabalhadores por uma jornada laboral mais justa e com melhores condi\u00e7\u00f5es;<\/span><\/p>\n<p style=\"text-align: justify; line-height: 150%;\"><span style=\"font-size: 12pt; line-height: 150%; font-family: 'Trebuchet MS', sans-serif;\">Sob o lema \u201cOTM-Central Sindical 40 anos na Luta Pela Defesa dos Direitos e interesses dos Trabalhadores\u201d os trabalhadores mo\u00e7ambicanos celebram esta efem\u00e9ride convictos dos desafios que o Pa\u00eds enfrenta porem, confiantes no cont\u00ednuo crescimento do Pa\u00eds, caracterizado pelo aumento da produ\u00e7\u00e3o e da produtividade e no fortalecimento da Unidade Nacional, da Paz e Progresso da nossa P\u00e1tria amada;<\/span><\/p>\n<p style=\"text-align: justify; line-height: 150%;\"><span style=\"font-size: 12pt; line-height: 150%; font-family: 'Trebuchet MS', sans-serif;\">Ciente dos direitos laborais, a FRELIMO, tem trabalhado para a consolida\u00e7\u00e3o dos mesmos, promovendo a cria\u00e7\u00e3o de movimentos sindicais, pois, a FRELIMO \u00e9 um Partido do Povo, que desde a gesta libert\u00e1ria, concretiza a sua linha pol\u00edtica na base das aspira\u00e7\u00f5es e sentimentos da vontade dos mo\u00e7ambicanos e obedecendo o ordenamento jur\u00eddico nacional;<\/span><\/p>\n<p style=\"text-align: justify; line-height: 150%;\"><span style=\"font-size: 12pt; line-height: 150%; font-family: 'Trebuchet MS', sans-serif;\">A FRELIMO encoraja os trabalhadores mo\u00e7ambicanos a continuar a participar activamente, de forma colectiva e individual, nos programas do desenvolvimento do pa\u00eds<\/span><span style=\"font-size: 12pt; line-height: 150%; font-family: 'Trebuchet MS', sans-serif;\">, oferendo o melhor de si, para que de forma en\u00e9rgica, a nossa p\u00e1tria amada continue a crescer;<\/span><\/p>\n<p style=\"text-align: justify; line-height: 150%;\"><span style=\"font-size: 12pt; line-height: 150%; font-family: 'Trebuchet MS', sans-serif;\">A FRELIMO encoraja os trabalhadores mo\u00e7ambicanos a continuar a pautar pelo di\u00e1logo na fam\u00edlia, na comunidade e nos locais de trabalho, como premissa para o alcance de consensos;<\/span><\/p>\n<p style=\"text-align: justify; line-height: 150%;\"><span style=\"font-size: 12pt; line-height: 150%; font-family: 'Trebuchet MS', sans-serif;\">A FRELIMO exorta os trabalhadores, o Movimento Sindical, as Associa\u00e7\u00f5es laborais, em particular, e a popula\u00e7\u00e3o, em geral, a agudizarem a vigil\u00e2ncia nos locais de trabalho e de resid\u00eancia denunciar e recha\u00e7ar quaisquer tentativas de desestabiliza\u00e7\u00e3o do Pa\u00eds e a desacatos \u00e0 ordem p\u00fablica;<\/span><\/p>\n<p style=\"margin: 6pt 0in; text-align: justify; line-height: 150%;\"><span style=\"font-size: 12pt; line-height: 150%; font-family: 'Trebuchet MS', sans-serif;\">A FRELIMO Sa\u00fada o Governo de Mo\u00e7ambique e os trabalhadores pelos consensos alcan\u00e7ados na concerta\u00e7\u00e3o social que culminou com o aumento salarial pese embora a conjuntura econ\u00f3mica nacional, fortemente influenciada pela crise econ\u00f3mica mundial;<\/span><\/p>\n<p style=\"text-align: justify; line-height: 150%;\"><span style=\"font-size: 12pt; line-height: 150%; font-family: 'Trebuchet MS', sans-serif;\">A FRELIMO deseja a todos os trabalhadores, um feliz 1\u00ba de Maio e reitera o desejo de prosperidade para todas as fam\u00edlias mo\u00e7ambicanas.<\/span><\/p>\n<p style=\"text-align: center; line-height: 150%;\" align=\"center\"><strong><span style=\"font-size: 12pt; line-height: 150%; font-family: 'Trebuchet MS', sans-serif;\">50 ANOS<\/span><\/strong><\/p>\n<p style=\"text-align: center; line-height: 150%;\" align=\"center\"><strong><span style=\"font-size: 12pt; line-height: 150%; font-family: 'Trebuchet MS', sans-serif;\">UNIDOS NA LUTA CONTRA A POBREZA<\/span><\/strong><\/p>\n<p style=\"text-align: center; line-height: 150%;\" align=\"center\"><strong><span style=\"font-size: 12pt; line-height: 150%; font-family: 'Trebuchet MS', sans-serif;\">FRELIMO, A FOR\u00c7A DA MUDAN\u00c7A!<\/span><\/strong><\/p>\n<p style=\"text-align: center; line-height: 150%;\" align=\"center\"><span style=\"font-size: 12pt; line-height: 150%; font-family: 'Trebuchet MS', sans-serif;\">Maputo, aos 29 de Abril de 2016<\/span><\/p>\n","protected":false},"excerpt":{"rendered":"<p>Compatriotas! Assinala-se hoje em todo Mundo, o 1\u00ba de Maio, dia internacional do Trabalhador. Rege a hist\u00f3ria que esta data celebra a reivindica\u00e7\u00e3o dos trabalhadores por uma jornada laboral mais justa e com melhores condi\u00e7\u00f5es; Sob o lema \u201cOTM-Central Sindical 40 anos na Luta Pela Defesa dos Direitos e interesses dos Trabalhadores\u201d os trabalhadores mo\u00e7ambicanos &hellip;<\/p>\n","protected":false},"author":1,"featured_media":0,"comment_status":"open","ping_status":"open","sticky":false,"template":"","format":"standard","meta":{"_jetpack_memberships_contains_paid_content":false,"footnotes":""},"categories":[4],"tags":[],"class_list":["post-1253","post","type-post","status-publish","format-standard","hentry","category-outras"],"jetpack_featured_media_url":"","jetpack_sharing_enabled":true,"_links":{"self":[{"href":"https:\/\/www.frelimo.org.mz\/index.php?rest_route=\/wp\/v2\/posts\/1253","targetHints":{"allow":["GET"]}}],"collection":[{"href":"https:\/\/www.frelimo.org.mz\/index.php?rest_route=\/wp\/v2\/posts"}],"about":[{"href":"https:\/\/www.frelimo.org.mz\/index.php?rest_route=\/wp\/v2\/types\/post"}],"author":[{"embeddable":true,"href":"https:\/\/www.frelimo.org.mz\/index.php?rest_route=\/wp\/v2\/users\/1"}],"replies":[{"embeddable":true,"href":"https:\/\/www.frelimo.org.mz\/index.php?rest_route=%2Fwp%2Fv2%2Fcomments&post=1253"}],"version-history":[{"count":0,"href":"https:\/\/www.frelimo.org.mz\/index.php?rest_route=\/wp\/v2\/posts\/1253\/revisions"}],"wp:attachment":[{"href":"https:\/\/www.frelimo.org.mz\/index.php?rest_route=%2Fwp%2Fv2%2Fmedia&parent=1253"}],"wp:term":[{"taxonomy":"category","embeddable":true,"href":"https:\/\/www.frelimo.org.mz\/index.php?rest_route=%2Fwp%2Fv2%2Fcategories&post=1253"},{"taxonomy":"post_tag","embeddable":true,"href":"https:\/\/www.frelimo.org.mz\/index.php?rest_route=%2Fwp%2Fv2%2Ftags&post=1253"}],"curies":[{"name":"wp","href":"https:\/\/api.w.org\/{rel}","templated":true}]}}