{"id":1241,"date":"2016-04-17T11:19:29","date_gmt":"2016-04-17T11:19:29","guid":{"rendered":"https:\/\/www.frelimo.org.mz\/?p=1241"},"modified":"2016-04-17T11:19:29","modified_gmt":"2016-04-17T11:19:29","slug":"xi-congresso-agendado-para-setembro-de-2017","status":"publish","type":"post","link":"https:\/\/www.frelimo.org.mz\/?p=1241","title":{"rendered":"XI Congresso agendado para Setembro de 2017"},"content":{"rendered":"<p><span style=\"font-size: 12pt; line-height: 115%; font-family: 'Verdana','sans-serif';\">O Comit\u00e9 Central (CC) decidiu agendar o XI Congresso para a \u00faltima semana de Setembro do pr\u00f3ximo ano, a ter lugar na cidade da Matola, prov\u00edncia meridional de Maputo. <\/p>\n<p> Esta informa\u00e7\u00e3o foi avan\u00e7ada, s\u00e1bado, pelo membro de uma das comiss\u00f5es de trabalho, Catarina Dimande, durante a cerim\u00f3nia de encerramento da V Sess\u00e3o Ordin\u00e1ria do CC da Frelimo, um evento realizado na cidade da Matola.<\/p>\n<p> \u201cA V Sess\u00e3o Ordin\u00e1ria do Comit\u00e9 Central decidiu convocar o XI Congresso da Frelimo a ter lugar na cidade da Matola, Prov\u00edncia de Maputo, de 26 de Setembro a 1 de Outubro de 2017\u201d, anunciou Dimande.<\/p>\n<p> Um comunicado divulgado no local aponta que a V Sess\u00e3o Ordin\u00e1ria do CC constitui um momento de import\u00e2ncia particular por ter tido a elevada miss\u00e3o de encorajar os membros da Frelimo e os mo\u00e7ambicanos a prosseguirem com ac\u00e7\u00f5es que visam consolidar a paz.<\/p>\n<p> O \u00faltimo Congresso da Frelimo teve lugar na cidade de Pemba, capital da prov\u00edncia nortenha de Cabo Delgado, em 2012. O evento serviu para definir estrat\u00e9gias da Frelimo para as elei\u00e7\u00f5es aut\u00e1rquicas de 2013 e gerais de 2014.<\/p>\n<p> O Congresso constitui o evento mais alto da Frelimo, por ser o \u00f3rg\u00e3o de decis\u00e3o e de elei\u00e7\u00e3o dos novos membros dos \u00f3rg\u00e3os centrais do partido, incluindo a Comiss\u00e3o Pol\u00edtica, o \u00f3rg\u00e3o mais alto.<\/p>\n<p> O CC \u00e9 o \u00f3rg\u00e3o composto de 213 membros efectivos. Na V sess\u00e3o ordin\u00e1ria participaram 205 membro. <\/span><\/p>\n","protected":false},"excerpt":{"rendered":"<p>O Comit\u00e9 Central (CC) decidiu agendar o XI Congresso para a \u00faltima semana de Setembro do pr\u00f3ximo ano, a ter lugar na cidade da Matola, prov\u00edncia meridional de Maputo. Esta informa\u00e7\u00e3o foi avan\u00e7ada, s\u00e1bado, pelo membro de uma das comiss\u00f5es de trabalho, Catarina Dimande, durante a cerim\u00f3nia de encerramento da V Sess\u00e3o Ordin\u00e1ria do CC &hellip;<\/p>\n","protected":false},"author":1,"featured_media":0,"comment_status":"open","ping_status":"open","sticky":false,"template":"","format":"standard","meta":{"_jetpack_memberships_contains_paid_content":false,"footnotes":""},"categories":[4],"tags":[],"class_list":["post-1241","post","type-post","status-publish","format-standard","hentry","category-outras"],"jetpack_featured_media_url":"","jetpack_sharing_enabled":true,"_links":{"self":[{"href":"https:\/\/www.frelimo.org.mz\/index.php?rest_route=\/wp\/v2\/posts\/1241","targetHints":{"allow":["GET"]}}],"collection":[{"href":"https:\/\/www.frelimo.org.mz\/index.php?rest_route=\/wp\/v2\/posts"}],"about":[{"href":"https:\/\/www.frelimo.org.mz\/index.php?rest_route=\/wp\/v2\/types\/post"}],"author":[{"embeddable":true,"href":"https:\/\/www.frelimo.org.mz\/index.php?rest_route=\/wp\/v2\/users\/1"}],"replies":[{"embeddable":true,"href":"https:\/\/www.frelimo.org.mz\/index.php?rest_route=%2Fwp%2Fv2%2Fcomments&post=1241"}],"version-history":[{"count":0,"href":"https:\/\/www.frelimo.org.mz\/index.php?rest_route=\/wp\/v2\/posts\/1241\/revisions"}],"wp:attachment":[{"href":"https:\/\/www.frelimo.org.mz\/index.php?rest_route=%2Fwp%2Fv2%2Fmedia&parent=1241"}],"wp:term":[{"taxonomy":"category","embeddable":true,"href":"https:\/\/www.frelimo.org.mz\/index.php?rest_route=%2Fwp%2Fv2%2Fcategories&post=1241"},{"taxonomy":"post_tag","embeddable":true,"href":"https:\/\/www.frelimo.org.mz\/index.php?rest_route=%2Fwp%2Fv2%2Ftags&post=1241"}],"curies":[{"name":"wp","href":"https:\/\/api.w.org\/{rel}","templated":true}]}}