{"id":1239,"date":"2016-04-13T17:06:05","date_gmt":"2016-04-13T17:06:05","guid":{"rendered":"https:\/\/www.frelimo.org.mz\/?p=1239"},"modified":"2016-04-13T17:06:05","modified_gmt":"2016-04-13T17:06:05","slug":"fortalecer-a-coesao-interna-e-os-valores-da-frelimo","status":"publish","type":"post","link":"https:\/\/www.frelimo.org.mz\/?p=1239","title":{"rendered":"Fortalecer a coes\u00e3o interna e os valores da Frelimo"},"content":{"rendered":"<p><span style=\"font-size: 12pt; line-height: 115%; font-family: 'Verdana','sans-serif';\">O Presidente Filipe Nyusi exortou os membros do Comit\u00e9 Central e do partido em geral a influenciar a promo\u00e7\u00e3o da disciplina individual de cada um de forma a consolidar a disciplina coletiva nos \u00f3rg\u00e3os, a todos os n\u00edveis.<\/p>\n<p> Intervindo na sess\u00e3o de abertura da V Sess\u00e3o Ordin\u00e1ria do Comit\u00e9 Central que decorre desde hoje at\u00e9 s\u00e1bado na Matola, o Camarada Nyusi disse que a meta da Frelimo \u201c\u00e9 ver um membro na sua C\u00e9lula, no seu quarteir\u00e3o, a criticar e a ser criticado, pronto e dispon\u00edvel, pontual, que ouve e \u00e9 ouvido\u201d.<\/p>\n<p> A Frelimo, segundo o Presidente Nyusi, quer ver em cada membro o sonho dum camarada que confia e \u00e9 confiado, que exprime o seu pensamento livremente em frente dos outros, ou do \u00f3rg\u00e3o a que pertence, com uma disciplina de quem usa o espa\u00e7o a seu dispor para fazer crescer o Partido e fazer progredir o pa\u00eds.<\/p>\n<p> \u201cQueremos reviver os sonhos de Mondlane, Samora, Marcelino dos Santos, Feliciano Gundana, Pascoal Mocumbi, Lopes Tembe, Gilberto Betuel Matavele e outros tantos, alguns dos quais aqui presentes sem excluir os que n\u00e3o citamos\u201d, disse o Presidente da Frelimo.<\/p>\n<p> Para Nyusi, a meta \u00e9 alimentar o exerc\u00edcio retomado no ano passado (2015), o de fortalecimento da coes\u00e3o interna do partido preservando os valores e princ\u00edpios da Frelimo.<\/p>\n<p> \u201cN\u00f3s sonhamos com um membro do partido que respeita o bem p\u00fablico e que encontra oportunidade igual a todos para a sua auto-supera\u00e7\u00e3o. Na disciplina partid\u00e1ria n\u00e3o encontramos o espirito de quem \u00e9 mais ou menos importante, mais ou menos influente. Respeitamos a experiencia\u201d, explicou Nyusi.<\/p>\n<p> Real\u00e7ou que a reuni\u00e3o do Comit\u00e9 Central \u00e9 de reflex\u00e3o para recordar a luta que exigiu muita coragem e determina\u00e7\u00e3o feita de forma consciente, sabendo que os tempos mudaram mas o valor da liberdade conquistada com sacrif\u00edcio prevalece.<\/p>\n<p> \u201cViemos aqui buscar a nossa inspira\u00e7\u00e3o, a partir do passado, e reconstruir um compromisso com base em princ\u00edpios de uma frente nova e comum em prol de um crescimento socioecon\u00f3mico equilibrado\u201d, disse Nyusi.<\/p>\n<p> O presidente da Frelimo destacou que quando se \u00e9 pobre, h\u00e1 tend\u00eancia de se considerar que a pobreza \u00e9 tamb\u00e9m mental ou intelectual, tend\u00eancia de se pensar ou decidir pelo pobre, renegando a liberdade do pobre.<\/p>\n<p> \u201c N\u00f3s, o povo mo\u00e7ambicano, podemos, temos e devemos pensar e decidir sobre os nossos pr\u00f3prios destinos\u201d, explicou.<\/p>\n<p> Em nome do partido, Nyusi condenou os assassinatos b\u00e1rbaros de Jos\u00e9 Manuel, membro do Conselho Nacional de Defesa e Seguran\u00e7a, na cidade da Beira, e de Marcelino Vilanculos, Procurador da Rep\u00fablica na Cidade da Matola, encorajando as For\u00e7as de Defesa e Seguran\u00e7a (FDS) a continuar procurar um r\u00e1pido esclarecimento destes actos.<\/p>\n<p> Nyusi fez men\u00e7\u00e3o da situa\u00e7\u00e3o de chuvas intensas e ventos fortes e descargas atmosf\u00e9ricas que vem assolando a regi\u00e3o norte e parte do centro e a seca no sul e tamb\u00e9m parte do centro do pa\u00eds, fen\u00f3menos que causam a perda de culturas e gado, para al\u00e9m da destrui\u00e7\u00e3o de habita\u00e7\u00f5es e infraestruturas diversas. <\/p>\n<p> Destacou os ataques protagonizados por homens armados da Renamo, na zona Centro do pa\u00eds, contra alvos civis e militares e que j\u00e1 resultou em mortes e feridos.<\/p>\n<p> \u201cNo centro do pa\u00eds, em zonas bem localizadas, o povo vive o terror e medo causado pelos homens armados da Renamo que atacam viaturas, invadem machambas, perseguem os l\u00edderes comunit\u00e1rios e dirigentes do nosso partido ao n\u00edvel de base. Estes cen\u00e1rios est\u00e3o a provocar sofrimento e perda de vidas humanas e bens\u201d, disse Nyusi.<\/p>\n<p> Endere\u00e7ando uma mensagem de pesar as fam\u00edlias que perderam seus entes queridos, Nyusi exortou os participantes para se juntarem ao movimento de solidariedade dando o seu apoio para minimizar o sofrimento das fam\u00edlias afectadas.<\/p>\n<p> Nyusi adiantou que a falta de paz efectiva em Mo\u00e7ambique condiciona o crescimento econ\u00f3mico que se confronta com diferentes adversidades que ser\u00e3o debatidas nesta Sess\u00e3o do Comit\u00e9 Central.<\/p>\n<p> O encontro est\u00e1 a passar em an\u00e1lise, entre outros temas, a Situa\u00e7\u00e3o Pol\u00edtica, Militar e da Paz, Situa\u00e7\u00e3o Econ\u00f3mica, o Plano de Actividades e Or\u00e7amento do Partido para o presente ano (2016) e a Convoca\u00e7\u00e3o do XI Congresso, a ter lugar no pr\u00f3ximo ano.<\/span><\/p>\n","protected":false},"excerpt":{"rendered":"<p>O Presidente Filipe Nyusi exortou os membros do Comit\u00e9 Central e do partido em geral a influenciar a promo\u00e7\u00e3o da disciplina individual de cada um de forma a consolidar a disciplina coletiva nos \u00f3rg\u00e3os, a todos os n\u00edveis. Intervindo na sess\u00e3o de abertura da V Sess\u00e3o Ordin\u00e1ria do Comit\u00e9 Central que decorre desde hoje at\u00e9 &hellip;<\/p>\n","protected":false},"author":1,"featured_media":0,"comment_status":"open","ping_status":"open","sticky":false,"template":"","format":"standard","meta":{"_jetpack_memberships_contains_paid_content":false,"footnotes":""},"categories":[4],"tags":[],"class_list":["post-1239","post","type-post","status-publish","format-standard","hentry","category-outras"],"jetpack_featured_media_url":"","jetpack_sharing_enabled":true,"_links":{"self":[{"href":"https:\/\/www.frelimo.org.mz\/index.php?rest_route=\/wp\/v2\/posts\/1239","targetHints":{"allow":["GET"]}}],"collection":[{"href":"https:\/\/www.frelimo.org.mz\/index.php?rest_route=\/wp\/v2\/posts"}],"about":[{"href":"https:\/\/www.frelimo.org.mz\/index.php?rest_route=\/wp\/v2\/types\/post"}],"author":[{"embeddable":true,"href":"https:\/\/www.frelimo.org.mz\/index.php?rest_route=\/wp\/v2\/users\/1"}],"replies":[{"embeddable":true,"href":"https:\/\/www.frelimo.org.mz\/index.php?rest_route=%2Fwp%2Fv2%2Fcomments&post=1239"}],"version-history":[{"count":0,"href":"https:\/\/www.frelimo.org.mz\/index.php?rest_route=\/wp\/v2\/posts\/1239\/revisions"}],"wp:attachment":[{"href":"https:\/\/www.frelimo.org.mz\/index.php?rest_route=%2Fwp%2Fv2%2Fmedia&parent=1239"}],"wp:term":[{"taxonomy":"category","embeddable":true,"href":"https:\/\/www.frelimo.org.mz\/index.php?rest_route=%2Fwp%2Fv2%2Fcategories&post=1239"},{"taxonomy":"post_tag","embeddable":true,"href":"https:\/\/www.frelimo.org.mz\/index.php?rest_route=%2Fwp%2Fv2%2Ftags&post=1239"}],"curies":[{"name":"wp","href":"https:\/\/api.w.org\/{rel}","templated":true}]}}