{"id":1235,"date":"2016-04-07T18:00:53","date_gmt":"2016-04-07T18:00:53","guid":{"rendered":"https:\/\/www.frelimo.org.mz\/?p=1235"},"modified":"2016-04-07T18:00:53","modified_gmt":"2016-04-07T18:00:53","slug":"nyusi-promovamos-respeito-e-dignidade-da-mulher","status":"publish","type":"post","link":"https:\/\/www.frelimo.org.mz\/?p=1235","title":{"rendered":"Nyusi: \u201cPromovamos respeito e dignidade da mulher\u201d"},"content":{"rendered":"<p><span style=\"font-size: 12pt; line-height: 115%; font-family: 'Verdana','sans-serif';\">O camarada Presidente Filipe Nyusi, exortou hoje aos mo\u00e7ambicanos a promoverem o respeito e a dignidade da mulher em todos os momentos. <\/p>\n<p> O apelo vem contido na sua mensagem de sauda\u00e7\u00e3o por ocasi\u00e3o do 7 de Abril, Dia da Mulher Mo\u00e7ambicana, que este ano se celebra sob lema \u201cEm Paz Aceleremos o Passo rumo \u00e0 Igualdade de G\u00e9nero e Empoderamento da Mulher\u201d.<\/p>\n<p> \u201cRecorramos, deste modo, aos valores da nossa rica tradi\u00e7\u00e3o cultural para intensificar a moraliza\u00e7\u00e3o da sociedade que tem na mulher figura de proa. Que a data n\u00e3o sirva meramente para justificar a nossa mobiliza\u00e7\u00e3o mas tamb\u00e9m uma oportunidade para abra\u00e7armos atitudes proactivas em defesa da mulher\u201d, afirma o camarada Nyusi na mensagem. <\/p>\n<p> Segundo o Presidente do Partido, Mo\u00e7ambique tem motivos para se orgulhar porque os esfor\u00e7os do Governo para o empoderamento da mulher s\u00e3o marcos vis\u00edveis a todos os n\u00edveis da sociedade, tornando-a um pilar indispens\u00e1vel.<\/p>\n<p> Afirma estar ciente que a luta para o empoderamento da mulher \u00e9 um processo cont\u00ednuo em que a igualdade de oportunidades entre o homem e a mulher, n\u00e3o \u00e9 apenas um preceito constitucional, mas deve ser um modo de estar que configura normas e valores do dia-a-dia de cada mo\u00e7ambicano. <\/p>\n<p> \u201cEntendemos a emancipa\u00e7\u00e3o total e completa da mulher como um direito humano b\u00e1sico e uma for\u00e7a transformadora da sociedade para a paz e desenvolvimento inclusivo, equitativo e sustent\u00e1vel\u201d, sublinha. <\/p>\n<p> Nyusi recorda que a data marca o ponto mais alto de um m\u00eas pleno de efem\u00e9rides consagradas \u00e0 mulher, nomeadamente, a combatente de liberta\u00e7\u00e3o nacional, a 4 de Mar\u00e7o e a mulher de todo o mundo, a 8 de Mar\u00e7o. <\/p>\n<p> \u201cTrata-se de uma data cujo significado e dimens\u00e3o transcendem uma simples comemora\u00e7\u00e3o. \u00c9 a consagra\u00e7\u00e3o do percurso, por vezes sinuoso e das vit\u00f3rias que temos alcan\u00e7ado na promo\u00e7\u00e3o e valoriza\u00e7\u00e3o da nossa mulher\u201d, destacou. <\/span><\/p>\n","protected":false},"excerpt":{"rendered":"<p>O camarada Presidente Filipe Nyusi, exortou hoje aos mo\u00e7ambicanos a promoverem o respeito e a dignidade da mulher em todos os momentos. O apelo vem contido na sua mensagem de sauda\u00e7\u00e3o por ocasi\u00e3o do 7 de Abril, Dia da Mulher Mo\u00e7ambicana, que este ano se celebra sob lema \u201cEm Paz Aceleremos o Passo rumo \u00e0 &hellip;<\/p>\n","protected":false},"author":1,"featured_media":0,"comment_status":"open","ping_status":"open","sticky":false,"template":"","format":"standard","meta":{"_jetpack_memberships_contains_paid_content":false,"footnotes":""},"categories":[4],"tags":[],"class_list":["post-1235","post","type-post","status-publish","format-standard","hentry","category-outras"],"jetpack_featured_media_url":"","jetpack_sharing_enabled":true,"_links":{"self":[{"href":"https:\/\/www.frelimo.org.mz\/index.php?rest_route=\/wp\/v2\/posts\/1235","targetHints":{"allow":["GET"]}}],"collection":[{"href":"https:\/\/www.frelimo.org.mz\/index.php?rest_route=\/wp\/v2\/posts"}],"about":[{"href":"https:\/\/www.frelimo.org.mz\/index.php?rest_route=\/wp\/v2\/types\/post"}],"author":[{"embeddable":true,"href":"https:\/\/www.frelimo.org.mz\/index.php?rest_route=\/wp\/v2\/users\/1"}],"replies":[{"embeddable":true,"href":"https:\/\/www.frelimo.org.mz\/index.php?rest_route=%2Fwp%2Fv2%2Fcomments&post=1235"}],"version-history":[{"count":0,"href":"https:\/\/www.frelimo.org.mz\/index.php?rest_route=\/wp\/v2\/posts\/1235\/revisions"}],"wp:attachment":[{"href":"https:\/\/www.frelimo.org.mz\/index.php?rest_route=%2Fwp%2Fv2%2Fmedia&parent=1235"}],"wp:term":[{"taxonomy":"category","embeddable":true,"href":"https:\/\/www.frelimo.org.mz\/index.php?rest_route=%2Fwp%2Fv2%2Fcategories&post=1235"},{"taxonomy":"post_tag","embeddable":true,"href":"https:\/\/www.frelimo.org.mz\/index.php?rest_route=%2Fwp%2Fv2%2Ftags&post=1235"}],"curies":[{"name":"wp","href":"https:\/\/api.w.org\/{rel}","templated":true}]}}