{"id":1232,"date":"2016-04-07T17:28:30","date_gmt":"2016-04-07T17:28:30","guid":{"rendered":"https:\/\/www.frelimo.org.mz\/?p=1232"},"modified":"2016-04-07T17:28:30","modified_gmt":"2016-04-07T17:28:30","slug":"nampula-partido-trabalha-para-vencer-proximas-eleicoes","status":"publish","type":"post","link":"https:\/\/www.frelimo.org.mz\/?p=1232","title":{"rendered":"Nampula: Partido trabalha para vencer pr\u00f3ximas elei\u00e7\u00f5es"},"content":{"rendered":"<p style=\"line-height: normal;\"><span style=\"font-size: 12pt; font-family: 'Verdana','sans-serif';\">Em Nampula, o partido diz estar satisfeita com o actual funcionamento das suas c\u00e9lulas, fruto do trabalho de acompanhamento sistem\u00e1tico que tem sido feito pelas brigadas provinciais, com vista a conferir o bom desempenho pol\u00edtico do partido, bem como a consolida\u00e7\u00e3o da sua reinser\u00e7\u00e3o no seio do eleitorado.<\/span><\/p>\n<p style=\"line-height: normal;\"><span style=\"font-size: 12pt; font-family: 'Verdana','sans-serif';\">Tal satisfa\u00e7\u00e3o foi manifestada s\u00e1bado, em confer\u00eancia de imprensa, pela secret\u00e1ria do Comit\u00e9 Provincial para a Mobiliza\u00e7\u00e3o e Propaganda do partido no poder naquele ponto do pa\u00eds, Maria Lobo.<\/span><\/p>\n<p style=\"line-height: normal;\"><span style=\"font-size: 12pt; font-family: 'Verdana','sans-serif';\">A dirigente da Frelimo explicou que do trabalho feito pelas brigadas conclui-se que, em termos gerais, os \u00f3rg\u00e3os de base, nomeadamente as c\u00e9lulas, est\u00e3o a funcionar bem.<\/span><\/p>\n<p style=\"line-height: normal;\"><span style=\"font-size: 12pt; font-family: 'Verdana','sans-serif';\">\u201cIsso deixa-nos satisfeitos, pois s\u00f3 assim \u00e9 que podemos dinamizar o nosso partido na nossa prov\u00edncia, onde temos o grande desafio de vencer os pr\u00f3ximos pleitos eleitorais\u201d, enfatizou Maria Lobo.<\/span><\/p>\n<p style=\"line-height: normal;\"><span style=\"font-size: 12pt; font-family: 'Verdana','sans-serif';\">Acrescentou que com a monitoria e assist\u00eancia sistem\u00e1tica \u00e0s c\u00e9lulas, atrav\u00e9s de desloca\u00e7\u00f5es de brigadas provinciais aos distritos, os \u00f3rg\u00e3os de base j\u00e1 percebem que o seu desempenho pol\u00edtico positivo passa tamb\u00e9m pela realiza\u00e7\u00e3o de reuni\u00f5es de ausculta\u00e7\u00e3o e debates, bem como a presta\u00e7\u00e3o de contas.<\/span><\/p>\n<p style=\"line-height: normal;\"><span style=\"font-size: 12pt; font-family: 'Verdana','sans-serif';\">Maria Lobo informou que as referidas brigadas n\u00e3o s\u00f3 fizeram a monitoria e apoio \u00e0s c\u00e9lulas como tamb\u00e9m desenvolveram um trabalho de sensibiliza\u00e7\u00e3o das comunidades, no sentido de aproveitarem a segunda \u00e9poca da produ\u00e7\u00e3o agr\u00edcola, particularmente nos distritos em que na primeira \u00e9poca algumas culturas foram perdidas.<\/span><\/p>\n<p style=\"line-height: normal;\"><span style=\"font-size: 12pt; font-family: 'Verdana','sans-serif';\">Para fazer face \u00e0 situa\u00e7\u00e3o, disse, a popula\u00e7\u00e3o dever\u00e1 concentrar as suas aten\u00e7\u00f5es nas zonas baixas, bem como naquelas onde j\u00e1 foram constru\u00eddas algumas represas de pequena e m\u00e9dia dimens\u00f5es para a irriga\u00e7\u00e3o dos campos.<\/span><\/p>\n<p style=\"line-height: normal;\"><span style=\"font-size: 12pt; font-family: 'Verdana','sans-serif';\">Nos v\u00e1rios encontros realizados, a popula\u00e7\u00e3o pediu ao l\u00edder da Renamo para que ordene imediatamente aos seus homens armados para pararem de realizar ataques na regi\u00e3o centro do pa\u00eds.<\/span><\/p>\n","protected":false},"excerpt":{"rendered":"<p>Em Nampula, o partido diz estar satisfeita com o actual funcionamento das suas c\u00e9lulas, fruto do trabalho de acompanhamento sistem\u00e1tico que tem sido feito pelas brigadas provinciais, com vista a conferir o bom desempenho pol\u00edtico do partido, bem como a consolida\u00e7\u00e3o da sua reinser\u00e7\u00e3o no seio do eleitorado. Tal satisfa\u00e7\u00e3o foi manifestada s\u00e1bado, em confer\u00eancia &hellip;<\/p>\n","protected":false},"author":1,"featured_media":0,"comment_status":"open","ping_status":"open","sticky":false,"template":"","format":"standard","meta":{"_jetpack_memberships_contains_paid_content":false,"footnotes":""},"categories":[4],"tags":[],"class_list":["post-1232","post","type-post","status-publish","format-standard","hentry","category-outras"],"jetpack_featured_media_url":"","jetpack_sharing_enabled":true,"_links":{"self":[{"href":"https:\/\/www.frelimo.org.mz\/index.php?rest_route=\/wp\/v2\/posts\/1232","targetHints":{"allow":["GET"]}}],"collection":[{"href":"https:\/\/www.frelimo.org.mz\/index.php?rest_route=\/wp\/v2\/posts"}],"about":[{"href":"https:\/\/www.frelimo.org.mz\/index.php?rest_route=\/wp\/v2\/types\/post"}],"author":[{"embeddable":true,"href":"https:\/\/www.frelimo.org.mz\/index.php?rest_route=\/wp\/v2\/users\/1"}],"replies":[{"embeddable":true,"href":"https:\/\/www.frelimo.org.mz\/index.php?rest_route=%2Fwp%2Fv2%2Fcomments&post=1232"}],"version-history":[{"count":0,"href":"https:\/\/www.frelimo.org.mz\/index.php?rest_route=\/wp\/v2\/posts\/1232\/revisions"}],"wp:attachment":[{"href":"https:\/\/www.frelimo.org.mz\/index.php?rest_route=%2Fwp%2Fv2%2Fmedia&parent=1232"}],"wp:term":[{"taxonomy":"category","embeddable":true,"href":"https:\/\/www.frelimo.org.mz\/index.php?rest_route=%2Fwp%2Fv2%2Fcategories&post=1232"},{"taxonomy":"post_tag","embeddable":true,"href":"https:\/\/www.frelimo.org.mz\/index.php?rest_route=%2Fwp%2Fv2%2Ftags&post=1232"}],"curies":[{"name":"wp","href":"https:\/\/api.w.org\/{rel}","templated":true}]}}